{"id":1572,"date":"2017-11-28T09:00:56","date_gmt":"2017-11-28T08:00:56","guid":{"rendered":"http:\/\/www.wuerzberg.info\/?p=1572"},"modified":"2017-12-20T02:08:20","modified_gmt":"2017-12-20T01:08:20","slug":"krustenbrot-kochkaese-und-kabarett","status":"publish","type":"post","link":"https:\/\/www.wuerzberg.info\/?p=1572","title":{"rendered":"Krustenbrot, Kochk\u00e4se und Kabarett"},"content":{"rendered":"<p>Unter dem 3 K-Motto \u201eKrustenbrot, Kochk\u00e4se und Kabarett\u201c veranstaltete der Kultur- und Heimatverein W\u00fcrzberg am vergangen Samstag seinen 3. W\u00fcrzberger Kochk\u00e4s\u2018 Abend. Der Zuspruch zu der Veranstaltung zeigte, wie beliebt die Odenw\u00e4lder Spezialit\u00e4t nach wie vor ist. Der Vorsitzende Willi Dingeldein meinte sogar, was geboten wurde, sei dank der vielen Spender Weltrekord. \u201eEs wird wohl keinen zweiten Ort auf dieser Welt geben, wo eine solche Kochk\u00e4sevielfalt angeboten wird.\u201c Die G\u00e4ste hatten die M\u00f6glichkeit, aus ca. 30 Sch\u00fcsseln, gef\u00fcllt mit der beliebten Masse, die unterschiedliche Rezepturen zu verkosten. Dazu gab es verschiede Krustenbrote, Butter gehackte Zwiebeln und nat\u00fcrlich K\u00fcmmel. Auch ein Hauch von Knoblauch war bei einer Sorte zu entdecken. Gereicht wurde auch, neben zahlreichen anderen Getr\u00e4nken, der zum Gericht passende Odenw\u00e4lder Apfelwein aus dem Bembel.<\/p>\n<p><img data-recalc-dims=\"1\" loading=\"lazy\" decoding=\"async\" data-attachment-id=\"1577\" data-permalink=\"https:\/\/www.wuerzberg.info\/?attachment_id=1577\" data-orig-file=\"https:\/\/i0.wp.com\/www.wuerzberg.info\/wp-content\/uploads\/2017\/11\/20171125_Kochkaesabend.jpg?fit=972%2C648&amp;ssl=1\" data-orig-size=\"972,648\" data-comments-opened=\"0\" data-image-meta=\"{&quot;aperture&quot;:&quot;0&quot;,&quot;credit&quot;:&quot;&quot;,&quot;camera&quot;:&quot;&quot;,&quot;caption&quot;:&quot;&quot;,&quot;created_timestamp&quot;:&quot;0&quot;,&quot;copyright&quot;:&quot;&quot;,&quot;focal_length&quot;:&quot;0&quot;,&quot;iso&quot;:&quot;0&quot;,&quot;shutter_speed&quot;:&quot;0&quot;,&quot;title&quot;:&quot;&quot;,&quot;orientation&quot;:&quot;0&quot;}\" data-image-title=\"20171125_Kochkaesabend\" data-image-description=\"\" data-image-caption=\"\" data-large-file=\"https:\/\/i0.wp.com\/www.wuerzberg.info\/wp-content\/uploads\/2017\/11\/20171125_Kochkaesabend.jpg?fit=625%2C417&amp;ssl=1\" class=\"alignleft size-full wp-image-1577\" src=\"https:\/\/i0.wp.com\/www.wuerzberg.info\/wp-content\/uploads\/2017\/11\/20171125_Kochkaesabend.jpg?resize=625%2C417\" alt=\"\" width=\"625\" height=\"417\" srcset=\"https:\/\/i0.wp.com\/www.wuerzberg.info\/wp-content\/uploads\/2017\/11\/20171125_Kochkaesabend.jpg?w=972&amp;ssl=1 972w, https:\/\/i0.wp.com\/www.wuerzberg.info\/wp-content\/uploads\/2017\/11\/20171125_Kochkaesabend.jpg?resize=300%2C200&amp;ssl=1 300w, https:\/\/i0.wp.com\/www.wuerzberg.info\/wp-content\/uploads\/2017\/11\/20171125_Kochkaesabend.jpg?resize=768%2C512&amp;ssl=1 768w, https:\/\/i0.wp.com\/www.wuerzberg.info\/wp-content\/uploads\/2017\/11\/20171125_Kochkaesabend.jpg?resize=200%2C133&amp;ssl=1 200w\" sizes=\"auto, (max-width: 625px) 100vw, 625px\" \/><\/p>\n<p>Nach dem kulinarischen Teil des Abends mischte sich die bekannte Kabarettistin Herta Wacker (Marlene Schwarz) unter die G\u00e4ste. Sie berichtete anschaulich, wie sie die Welt sieht und von welcher Seite sie eigentlich Unterst\u00fctzung erwartet. So fordert sie die Politik auf, ihrem Neffen Unterst\u00fctzung zukommen zu lassen. Er sei 2 cm zu klein um bei der Polizei angestellt zu werden. Aber es g\u00e4be auch kleinere Ganoven, die er, wie der Michi bei den Rosenheim-Cops, fangen k\u00f6nnte. Auch die Problematik mit den Schnecken im Salatbeet wurde intensiv behandelt. Sowie die \u201eHoumpasche\u201c (Homepage) f\u00fcr den eigenen Hofladen, bei der man die Herstellung der Wurst gezielt weggelassen hat. Einen IQ-Test, durchgef\u00fchrt in einer Illustrierten beim Zahnarzt, hat sogar sie selbst \u00fcberrascht. Er fiel h\u00f6her aus als bei Albert Einstein. Ihr Mann weigerte sich diesen Test auch zu machen. Das war f\u00fcr Herta kein Problem. Da sie ihren Mann ja sehr gut kennt, machte sie f\u00fcr ihn den Test. Und siehe da, er hat bei weitem nicht die Punktzahl erreicht wie sie. Nach mehreren Zugaben machte sie sich wieder auf den Weg nach \u201eBr\u00e4jschboch\u201c (Bensbach). Sie wollte noch im Sportjournal ergr\u00fcnden, warum die Borussia mit vier Toren Vorsprung es nur zum 4 : 4 Unentschieden gebracht hat.<\/p>\n<p>Der Kultur- und Heimatverein W\u00fcrzberg e. V. ist mit dem Ergebnis seiner Veranstaltung sehr zufrieden. Es wird also nicht der letzte W\u00fcrzberger Kochk\u00e4s\u2018 Abend gewesen sein. Gleichzeitig m\u00f6chte er auf 5 Vorstellungen seiner Theatergruppe \u201eIWWERZW\u00c4JSCH\u201c hinweisen, die im Fr\u00fchsommer stattfinden werden. Diese Veranstaltungen werden rechtzeitig beworben.<\/p>\n","protected":false},"excerpt":{"rendered":"<p>Unter dem 3 K-Motto \u201eKrustenbrot, Kochk\u00e4se und Kabarett\u201c veranstaltete der Kultur- und Heimatverein W\u00fcrzberg am vergangen Samstag seinen 3. W\u00fcrzberger Kochk\u00e4s\u2018 Abend. Der Zuspruch zu der Veranstaltung zeigte, wie beliebt die Odenw\u00e4lder Spezialit\u00e4t nach wie vor ist. Der Vorsitzende Willi Dingeldein meinte sogar, was geboten wurde, sei dank der vielen Spender Weltrekord. \u201eEs wird wohl [&hellip;]<\/p>\n","protected":false},"author":2,"featured_media":0,"comment_status":"closed","ping_status":"closed","sticky":false,"template":"","format":"standard","meta":{"jetpack_post_was_ever_published":false,"_jetpack_newsletter_access":"","_jetpack_dont_email_post_to_subs":false,"_jetpack_newsletter_tier_id":0,"_jetpack_memberships_contains_paywalled_content":false,"_jetpack_memberships_contains_paid_content":false,"footnotes":"","jetpack_publicize_message":"Krustenbrot, Kochk\u00e4se und Kabarett","jetpack_publicize_feature_enabled":true,"jetpack_social_post_already_shared":true,"jetpack_social_options":{"image_generator_settings":{"template":"highway","default_image_id":0,"font":"","enabled":false},"version":2}},"categories":[1,27,7,10],"tags":[],"class_list":["post-1572","post","type-post","status-publish","format-standard","hentry","category-allgemein","category-archiv","category-iwwerzwaisch","category-kultur-und-heimatverein"],"jetpack_publicize_connections":[],"jetpack_featured_media_url":"","jetpack_shortlink":"https:\/\/wp.me\/p71HmM-pm","jetpack_sharing_enabled":true,"publishpress_future_action":{"enabled":false,"date":"2026-05-07 01:11:50","action":"category-add","newStatus":"draft","terms":[],"taxonomy":"category","extraData":[]},"publishpress_future_workflow_manual_trigger":{"enabledWorkflows":[]},"_links":{"self":[{"href":"https:\/\/www.wuerzberg.info\/index.php?rest_route=\/wp\/v2\/posts\/1572","targetHints":{"allow":["GET"]}}],"collection":[{"href":"https:\/\/www.wuerzberg.info\/index.php?rest_route=\/wp\/v2\/posts"}],"about":[{"href":"https:\/\/www.wuerzberg.info\/index.php?rest_route=\/wp\/v2\/types\/post"}],"author":[{"embeddable":true,"href":"https:\/\/www.wuerzberg.info\/index.php?rest_route=\/wp\/v2\/users\/2"}],"replies":[{"embeddable":true,"href":"https:\/\/www.wuerzberg.info\/index.php?rest_route=%2Fwp%2Fv2%2Fcomments&post=1572"}],"version-history":[{"count":4,"href":"https:\/\/www.wuerzberg.info\/index.php?rest_route=\/wp\/v2\/posts\/1572\/revisions"}],"predecessor-version":[{"id":1579,"href":"https:\/\/www.wuerzberg.info\/index.php?rest_route=\/wp\/v2\/posts\/1572\/revisions\/1579"}],"wp:attachment":[{"href":"https:\/\/www.wuerzberg.info\/index.php?rest_route=%2Fwp%2Fv2%2Fmedia&parent=1572"}],"wp:term":[{"taxonomy":"category","embeddable":true,"href":"https:\/\/www.wuerzberg.info\/index.php?rest_route=%2Fwp%2Fv2%2Fcategories&post=1572"},{"taxonomy":"post_tag","embeddable":true,"href":"https:\/\/www.wuerzberg.info\/index.php?rest_route=%2Fwp%2Fv2%2Ftags&post=1572"}],"curies":[{"name":"wp","href":"https:\/\/api.w.org\/{rel}","templated":true}]}}