{"id":167,"date":"2011-09-28T11:37:38","date_gmt":"2011-09-28T09:37:38","guid":{"rendered":"http:\/\/www.wuerzberg.info\/?p=167"},"modified":"2016-03-07T15:07:42","modified_gmt":"2016-03-07T14:07:42","slug":"echo-online-odenwalder-doppelknall-ruhrt-von-luftwaffen-uberschallflug","status":"publish","type":"post","link":"https:\/\/www.wuerzberg.info\/?p=167","title":{"rendered":"Echo-Online: Odenw\u00e4lder Doppelknall r\u00fchrt von Luftwaffen-\u00dcberschallflug"},"content":{"rendered":"<p>L\u00e4rmereignis: Schriftliche Bundeswehr-Antwort auf ECHO-Anfrage erhellt Geschehen vom Donnerstag voriger Woche<\/p>\n<div>ODENWALDKREIS.<\/div>\n<p>Der laute Doppelknall, der am Nachmittag des vorigen Donnerstags die Bev\u00f6lkerung in den Teilen des s\u00fcdlichen Odenwalds aufschreckte, geht aller Wahrscheinlichkeit nach auf die \u00dcberschreitung der Schallgeschwindigkeit durch zwei Eurofighter zur\u00fcck.<br \/>\nEin solches Ereignis jedenfalls hat am Mittwoch das Presse- und Informationszentrum der Luftwaffe in K\u00f6ln f\u00fcr den fraglichen Zeitraum und das betroffene Gebiet best\u00e4tigt. Beantwortet hat die Beh\u00f6rde damit eine ECHO-Anfrage, die am Freitag voriger Woche schriftlich bei ihr eingereicht wurde, nachdem eine ganze Reihe von Versuchen der umgehenden Aufkl\u00e4rung per Telefon zuvor gescheitert und letztlich auf den E-Mail-Weg verwiesen worden war (dazu auch die Glosse \u201eDer Knaller\u201c innerhalb der t\u00e4glichen Rubrik \u201eKopfnote\u201c, Ausgabe vom 24.\u00a0September).<br \/>\nAusgel\u00f6st hatten die Recherchen mehrere Hinweise und Best\u00e4tigungen an die Online- und an die Lokalredaktion dieser Zeitung. Demnach hatte es in den Nachmittagsstunden des 22.\u00a0September im Gro\u00dfraum Beerfelden\/Erbach pl\u00f6tzlich zweimal unmittelbar hintereinander so laut geknallt, dass die W\u00e4nde wackelten. Weder Polizei noch Kommunalbeh\u00f6rden aber wussten von einem Ereignis, mit dem sich der Krach erkl\u00e4ren lie\u00df. Einzelne Ohrenzeugen indes stellten schon fr\u00fch Vermutungen an, nach denen es sich um \u00dcberschallknalle gehandelt haben k\u00f6nnte \u2013 ein Verdacht, der sich mit der Antwort des Bundeswehr zu best\u00e4tigen scheint.<br \/>\n\u201eVielen Dank f\u00fcr Ihre Anfrage und Ihr Interesse an der Luftwaffe\u201c, schreibt Oberfeldwebel Thomas Poleschner in seiner Antwort. \u201eDie Auswertung der Radar- und Flugbetriebsdaten durch unsere Fachabteilung erbrachte, dass am 22.09.2011 gegen 15 Uhr Ortszeit zwei Eurofighter- Kampfflugzeuge der Bundeswehr einen Flug mit \u00dcberschreitung der Schallgeschwindigkeit durchgef\u00fchrt haben. Der Flugweg f\u00fchrte in der N\u00e4he der genannten St\u00e4dte (Erbach, Beerfelden, Mosbach, Amorbach, d.\u00a0Red.) vorbei, so dass diese auch von dem durch diese Flugbewegung erzeugten \u00dcberschallknall betroffen sein konnten. Die festgestellte Flugh\u00f6he lag bei 38\u00a0000 Fu\u00df (entspricht etwa 11,6 Kilometer) \u00fcber Normalnull.\u201c<br \/>\nWeiter l\u00e4sst die Luftwaffe wissen, die Flugbewegung habe \u201eim Rahmen eines Abfangeinsatzes zur Wahrnehmung luftpolizeilicher Aufgaben stattgefunden\u201c. Das Ergebnis der Untersuchung habe das Vorgehen best\u00e4tigt. Es habe unter Beachtung der flugbetrieblichen Bestimmungen stattgefunden.<\/p>\n<p>Quelle: <a href=\"http:\/\/www.echo-online.de\/region\/odenwaldkreis\/kreis\/Odenwaelder-Doppelknall-ruehrt-von-Luftwaffen-Ueberschallflug;art1279,2207955\" target=\"_blank\">http:\/\/www.echo-online.de\/region\/odenwaldkreis\/kreis\/Odenwaelder-Doppelknall-ruehrt-von-Luftwaffen-Ueberschallflug;art1279,2207955<\/a><\/p>\n<p>28. September 2011 \u00a0|\u00a0gg<\/p>\n<p><img data-recalc-dims=\"1\" loading=\"lazy\" decoding=\"async\" data-attachment-id=\"168\" data-permalink=\"https:\/\/www.wuerzberg.info\/?attachment_id=168\" data-orig-file=\"https:\/\/i0.wp.com\/www.wuerzberg.info\/wp-content\/uploads\/2011\/09\/logo_echo-online.gif?fit=177%2C42&amp;ssl=1\" data-orig-size=\"177,42\" data-comments-opened=\"1\" data-image-meta=\"{&quot;aperture&quot;:&quot;0&quot;,&quot;credit&quot;:&quot;&quot;,&quot;camera&quot;:&quot;&quot;,&quot;caption&quot;:&quot;&quot;,&quot;created_timestamp&quot;:&quot;0&quot;,&quot;copyright&quot;:&quot;&quot;,&quot;focal_length&quot;:&quot;0&quot;,&quot;iso&quot;:&quot;0&quot;,&quot;shutter_speed&quot;:&quot;0&quot;,&quot;title&quot;:&quot;&quot;,&quot;orientation&quot;:&quot;0&quot;}\" data-image-title=\"logo_echo-online\" data-image-description=\"\" data-image-caption=\"\" data-large-file=\"https:\/\/i0.wp.com\/www.wuerzberg.info\/wp-content\/uploads\/2011\/09\/logo_echo-online.gif?fit=177%2C42&amp;ssl=1\" class=\"aligncenter size-full wp-image-168\" title=\"logo_echo-online\" src=\"https:\/\/i0.wp.com\/www.schusterxxl.de\/wordpress\/wuerzberg\/wp-content\/uploads\/2011\/09\/logo_echo-online.gif?resize=177%2C42\" alt=\"\" width=\"177\" height=\"42\" \/><\/p>\n","protected":false},"excerpt":{"rendered":"<p>L\u00e4rmereignis: Schriftliche Bundeswehr-Antwort auf ECHO-Anfrage erhellt Geschehen vom Donnerstag voriger Woche ODENWALDKREIS. Der laute Doppelknall, der am Nachmittag des vorigen Donnerstags die Bev\u00f6lkerung in den Teilen des s\u00fcdlichen Odenwalds aufschreckte, geht aller Wahrscheinlichkeit nach auf die \u00dcberschreitung der Schallgeschwindigkeit durch zwei Eurofighter zur\u00fcck. Ein solches Ereignis jedenfalls hat am Mittwoch das Presse- und Informationszentrum der [&hellip;]<\/p>\n","protected":false},"author":1,"featured_media":0,"comment_status":"closed","ping_status":"closed","sticky":false,"template":"","format":"standard","meta":{"jetpack_post_was_ever_published":false,"_jetpack_newsletter_access":"","_jetpack_dont_email_post_to_subs":false,"_jetpack_newsletter_tier_id":0,"_jetpack_memberships_contains_paywalled_content":false,"_jetpack_memberships_contains_paid_content":false,"footnotes":"","jetpack_publicize_message":"","jetpack_publicize_feature_enabled":true,"jetpack_social_post_already_shared":false,"jetpack_social_options":{"image_generator_settings":{"template":"highway","default_image_id":0,"font":"","enabled":false},"version":2}},"categories":[1,27,17,18],"tags":[],"class_list":["post-167","post","type-post","status-publish","format-standard","hentry","category-allgemein","category-archiv","category-weblink","category-zeitungsartikel"],"jetpack_publicize_connections":[],"jetpack_featured_media_url":"","jetpack_shortlink":"https:\/\/wp.me\/p71HmM-2H","jetpack_sharing_enabled":true,"publishpress_future_action":{"enabled":false,"date":"2026-05-09 12:18:35","action":"category-add","newStatus":"draft","terms":[],"taxonomy":"category","extraData":[]},"publishpress_future_workflow_manual_trigger":{"enabledWorkflows":[]},"_links":{"self":[{"href":"https:\/\/www.wuerzberg.info\/index.php?rest_route=\/wp\/v2\/posts\/167","targetHints":{"allow":["GET"]}}],"collection":[{"href":"https:\/\/www.wuerzberg.info\/index.php?rest_route=\/wp\/v2\/posts"}],"about":[{"href":"https:\/\/www.wuerzberg.info\/index.php?rest_route=\/wp\/v2\/types\/post"}],"author":[{"embeddable":true,"href":"https:\/\/www.wuerzberg.info\/index.php?rest_route=\/wp\/v2\/users\/1"}],"replies":[{"embeddable":true,"href":"https:\/\/www.wuerzberg.info\/index.php?rest_route=%2Fwp%2Fv2%2Fcomments&post=167"}],"version-history":[{"count":1,"href":"https:\/\/www.wuerzberg.info\/index.php?rest_route=\/wp\/v2\/posts\/167\/revisions"}],"predecessor-version":[{"id":971,"href":"https:\/\/www.wuerzberg.info\/index.php?rest_route=\/wp\/v2\/posts\/167\/revisions\/971"}],"wp:attachment":[{"href":"https:\/\/www.wuerzberg.info\/index.php?rest_route=%2Fwp%2Fv2%2Fmedia&parent=167"}],"wp:term":[{"taxonomy":"category","embeddable":true,"href":"https:\/\/www.wuerzberg.info\/index.php?rest_route=%2Fwp%2Fv2%2Fcategories&post=167"},{"taxonomy":"post_tag","embeddable":true,"href":"https:\/\/www.wuerzberg.info\/index.php?rest_route=%2Fwp%2Fv2%2Ftags&post=167"}],"curies":[{"name":"wp","href":"https:\/\/api.w.org\/{rel}","templated":true}]}}