{"id":1698,"date":"2018-05-02T08:54:23","date_gmt":"2018-05-02T06:54:23","guid":{"rendered":"http:\/\/www.wuerzberg.info\/?p=1698"},"modified":"2018-08-01T03:43:50","modified_gmt":"2018-08-01T01:43:50","slug":"ab-01-06-2018-verteilung-der-gelben-wertstoffsaecke-in-wuerzberg","status":"publish","type":"post","link":"https:\/\/www.wuerzberg.info\/?p=1698","title":{"rendered":"Ab 01.06.2018 Verteilung der gelben Wertstoffs\u00e4cke in W\u00fcrzberg"},"content":{"rendered":"<p>Mit Wirkung vom 1. Juni 2018 werden f\u00fcr die Stadtteile Steinbuch und W\u00fcrzberg zus\u00e4tzliche Ausgabestellen die gelben Wertstoffs\u00e4cke verteilen.<\/p>\n<p><img data-recalc-dims=\"1\" loading=\"lazy\" decoding=\"async\" data-attachment-id=\"1699\" data-permalink=\"https:\/\/www.wuerzberg.info\/?attachment_id=1699\" data-orig-file=\"https:\/\/i0.wp.com\/www.wuerzberg.info\/wp-content\/uploads\/2018\/04\/2018_gelbe_Wertstoffsaecke.jpg?fit=318%2C158&amp;ssl=1\" data-orig-size=\"318,158\" data-comments-opened=\"0\" data-image-meta=\"{&quot;aperture&quot;:&quot;0&quot;,&quot;credit&quot;:&quot;&quot;,&quot;camera&quot;:&quot;&quot;,&quot;caption&quot;:&quot;&quot;,&quot;created_timestamp&quot;:&quot;0&quot;,&quot;copyright&quot;:&quot;&quot;,&quot;focal_length&quot;:&quot;0&quot;,&quot;iso&quot;:&quot;0&quot;,&quot;shutter_speed&quot;:&quot;0&quot;,&quot;title&quot;:&quot;&quot;,&quot;orientation&quot;:&quot;0&quot;}\" data-image-title=\"2018_gelbe_Wertstoffsaecke\" data-image-description=\"\" data-image-caption=\"\" data-large-file=\"https:\/\/i0.wp.com\/www.wuerzberg.info\/wp-content\/uploads\/2018\/04\/2018_gelbe_Wertstoffsaecke.jpg?fit=318%2C158&amp;ssl=1\" class=\"size-full wp-image-1699 alignnone\" src=\"https:\/\/i0.wp.com\/www.wuerzberg.info\/wp-content\/uploads\/2018\/04\/2018_gelbe_Wertstoffsaecke.jpg?resize=318%2C158\" alt=\"\" width=\"318\" height=\"158\" srcset=\"https:\/\/i0.wp.com\/www.wuerzberg.info\/wp-content\/uploads\/2018\/04\/2018_gelbe_Wertstoffsaecke.jpg?w=318&amp;ssl=1 318w, https:\/\/i0.wp.com\/www.wuerzberg.info\/wp-content\/uploads\/2018\/04\/2018_gelbe_Wertstoffsaecke.jpg?resize=300%2C149&amp;ssl=1 300w, https:\/\/i0.wp.com\/www.wuerzberg.info\/wp-content\/uploads\/2018\/04\/2018_gelbe_Wertstoffsaecke.jpg?resize=200%2C99&amp;ssl=1 200w\" sizes=\"auto, (max-width: 318px) 100vw, 318px\" \/><\/p>\n<p>F\u00fcr W\u00fcrzberg handelt es sich um folgende Gewerbebetriebe:<\/p>\n<ul>\n<li><strong>Friseursalon Weyrauch<\/strong><br \/>\nHauptstra\u00dfe 9<br \/>\n64720 Michelstadt-W\u00fcrzberg<\/li>\n<li><strong>Friseursalon Wind\/Uhrig<\/strong><br \/>\nLeineweberweg 1<br \/>\n64720 Michelstadt-W\u00fcrzberg<\/li>\n<\/ul>\n<p>jeweils w\u00e4hrend der \u00d6ffnungszeiten.<\/p>\n<p><a href=\"https:\/\/www.michelstadt.de\/aktuelles\/neuigkeiten\/2018\/01\/02\/verteilung-der-gelben-saecke-in-michelstadt\/\" target=\"_blank\" rel=\"noopener\">https:\/\/www.michelstadt.de\/aktuelles\/neuigkeiten\/2018\/01\/02\/verteilung-der-gelben-saecke-in-michelstadt\/<\/a><\/p>\n","protected":false},"excerpt":{"rendered":"<p>Mit Wirkung vom 1. Juni 2018 werden f\u00fcr die Stadtteile Steinbuch und W\u00fcrzberg zus\u00e4tzliche Ausgabestellen die gelben Wertstoffs\u00e4cke verteilen. F\u00fcr W\u00fcrzberg handelt es sich um folgende Gewerbebetriebe: Friseursalon Weyrauch Hauptstra\u00dfe 9 64720 Michelstadt-W\u00fcrzberg Friseursalon Wind\/Uhrig Leineweberweg 1 64720 Michelstadt-W\u00fcrzberg jeweils w\u00e4hrend der \u00d6ffnungszeiten. https:\/\/www.michelstadt.de\/aktuelles\/neuigkeiten\/2018\/01\/02\/verteilung-der-gelben-saecke-in-michelstadt\/<\/p>\n","protected":false},"author":1,"featured_media":0,"comment_status":"closed","ping_status":"closed","sticky":false,"template":"","format":"standard","meta":{"jetpack_post_was_ever_published":false,"_jetpack_newsletter_access":"","_jetpack_dont_email_post_to_subs":false,"_jetpack_newsletter_tier_id":0,"_jetpack_memberships_contains_paywalled_content":false,"_jetpack_memberships_contains_paid_content":false,"footnotes":"","jetpack_publicize_message":"","jetpack_publicize_feature_enabled":true,"jetpack_social_post_already_shared":true,"jetpack_social_options":{"image_generator_settings":{"template":"highway","default_image_id":0,"font":"","enabled":false},"version":2}},"categories":[1,27,13],"tags":[],"class_list":["post-1698","post","type-post","status-publish","format-standard","hentry","category-allgemein","category-archiv","category-ortsbeirat"],"jetpack_publicize_connections":[],"jetpack_featured_media_url":"","jetpack_shortlink":"https:\/\/wp.me\/p71HmM-ro","jetpack_sharing_enabled":true,"publishpress_future_action":{"enabled":false,"date":"2026-05-07 20:28:32","action":"category-add","newStatus":"draft","terms":[],"taxonomy":"category","extraData":[]},"publishpress_future_workflow_manual_trigger":{"enabledWorkflows":[]},"_links":{"self":[{"href":"https:\/\/www.wuerzberg.info\/index.php?rest_route=\/wp\/v2\/posts\/1698","targetHints":{"allow":["GET"]}}],"collection":[{"href":"https:\/\/www.wuerzberg.info\/index.php?rest_route=\/wp\/v2\/posts"}],"about":[{"href":"https:\/\/www.wuerzberg.info\/index.php?rest_route=\/wp\/v2\/types\/post"}],"author":[{"embeddable":true,"href":"https:\/\/www.wuerzberg.info\/index.php?rest_route=\/wp\/v2\/users\/1"}],"replies":[{"embeddable":true,"href":"https:\/\/www.wuerzberg.info\/index.php?rest_route=%2Fwp%2Fv2%2Fcomments&post=1698"}],"version-history":[{"count":3,"href":"https:\/\/www.wuerzberg.info\/index.php?rest_route=\/wp\/v2\/posts\/1698\/revisions"}],"predecessor-version":[{"id":1706,"href":"https:\/\/www.wuerzberg.info\/index.php?rest_route=\/wp\/v2\/posts\/1698\/revisions\/1706"}],"wp:attachment":[{"href":"https:\/\/www.wuerzberg.info\/index.php?rest_route=%2Fwp%2Fv2%2Fmedia&parent=1698"}],"wp:term":[{"taxonomy":"category","embeddable":true,"href":"https:\/\/www.wuerzberg.info\/index.php?rest_route=%2Fwp%2Fv2%2Fcategories&post=1698"},{"taxonomy":"post_tag","embeddable":true,"href":"https:\/\/www.wuerzberg.info\/index.php?rest_route=%2Fwp%2Fv2%2Ftags&post=1698"}],"curies":[{"name":"wp","href":"https:\/\/api.w.org\/{rel}","templated":true}]}}