{"id":1873,"date":"2018-08-14T14:00:30","date_gmt":"2018-08-14T12:00:30","guid":{"rendered":"http:\/\/www.wuerzberg.info\/?p=1873"},"modified":"2018-08-26T03:02:34","modified_gmt":"2018-08-26T01:02:34","slug":"funkamateure-in-wuerzberg-tag-der-offenen-tuer","status":"publish","type":"post","link":"https:\/\/www.wuerzberg.info\/?p=1873","title":{"rendered":"Funkamateure in W\u00fcrzberg &#8211; Tag der offenen T\u00fcr"},"content":{"rendered":"<p><strong>Die Odenw\u00e4lder Funkamateure<\/strong> feiern diesen Monat ihr 50j\u00e4hriges Jubil\u00e4um und zugleich die Einweihung des <strong>neuen Vereinsgel\u00e4ndes an der Hesselbacher Stra\u00dfe 33 (dem ehemaligen W\u00fcrzberger Abenteuerwald)<\/strong>.<\/p>\n<p>Am Samstag, <strong>25. August 2018 (ab 10 Uhr)<\/strong>, sind alle herzlich zum Tag der offenen T\u00fcr eingeladen, um Amateurfunk hautnah erleben zu k\u00f6nnen.<\/p>\n<p>Vorgef\u00fchrt werden Funkbetrieb im UKW-Bereich und weltweit auf Kurzwelle in verschiedenen Betriebsarten, Nachrichten per Daten\u00fcbertragung, Sprache, Telegraphie und Bild sowie Funkortungssysteme. Es werden hierbei alle Aspekte des Hobbys erl\u00e4utert.<\/p>\n<p>Die <strong>Funkamateure<\/strong> w\u00fcrden sich sehr freuen, viele Besucher (und auch neue Nachbarn) an diesem Tag im neuen Domizil begr\u00fc\u00dfen zu d\u00fcrfen.<\/p>\n<p>Richard Sattler (Vorsitzender)<\/p>\n<p>DARC e.V.<br \/>\nDeutscher Amateur Radio Club<br \/>\nOrtsverein &#8222;M\u00fcmlingtal&#8220;<\/p>\n<p><img data-recalc-dims=\"1\" loading=\"lazy\" decoding=\"async\" data-attachment-id=\"1877\" data-permalink=\"https:\/\/www.wuerzberg.info\/?attachment_id=1877\" data-orig-file=\"https:\/\/i0.wp.com\/www.wuerzberg.info\/wp-content\/uploads\/2018\/08\/Logo_DARC.png?fit=210%2C475&amp;ssl=1\" data-orig-size=\"210,475\" data-comments-opened=\"0\" data-image-meta=\"{&quot;aperture&quot;:&quot;0&quot;,&quot;credit&quot;:&quot;&quot;,&quot;camera&quot;:&quot;&quot;,&quot;caption&quot;:&quot;&quot;,&quot;created_timestamp&quot;:&quot;0&quot;,&quot;copyright&quot;:&quot;&quot;,&quot;focal_length&quot;:&quot;0&quot;,&quot;iso&quot;:&quot;0&quot;,&quot;shutter_speed&quot;:&quot;0&quot;,&quot;title&quot;:&quot;&quot;,&quot;orientation&quot;:&quot;0&quot;}\" data-image-title=\"Logo_DARC\" data-image-description=\"\" data-image-caption=\"\" data-large-file=\"https:\/\/i0.wp.com\/www.wuerzberg.info\/wp-content\/uploads\/2018\/08\/Logo_DARC.png?fit=210%2C475&amp;ssl=1\" class=\"alignleft size-full wp-image-1877\" src=\"https:\/\/i0.wp.com\/www.wuerzberg.info\/wp-content\/uploads\/2018\/08\/Logo_DARC.png?resize=210%2C475\" alt=\"\" width=\"210\" height=\"475\" srcset=\"https:\/\/i0.wp.com\/www.wuerzberg.info\/wp-content\/uploads\/2018\/08\/Logo_DARC.png?w=210&amp;ssl=1 210w, https:\/\/i0.wp.com\/www.wuerzberg.info\/wp-content\/uploads\/2018\/08\/Logo_DARC.png?resize=133%2C300&amp;ssl=1 133w, https:\/\/i0.wp.com\/www.wuerzberg.info\/wp-content\/uploads\/2018\/08\/Logo_DARC.png?resize=88%2C200&amp;ssl=1 88w\" sizes=\"auto, (max-width: 210px) 100vw, 210px\" \/><\/p>\n","protected":false},"excerpt":{"rendered":"<p>Die Odenw\u00e4lder Funkamateure feiern diesen Monat ihr 50j\u00e4hriges Jubil\u00e4um und zugleich die Einweihung des neuen Vereinsgel\u00e4ndes an der Hesselbacher Stra\u00dfe 33 (dem ehemaligen W\u00fcrzberger Abenteuerwald). Am Samstag, 25. August 2018 (ab 10 Uhr), sind alle herzlich zum Tag der offenen T\u00fcr eingeladen, um Amateurfunk hautnah erleben zu k\u00f6nnen. Vorgef\u00fchrt werden Funkbetrieb im UKW-Bereich und weltweit [&hellip;]<\/p>\n","protected":false},"author":1,"featured_media":0,"comment_status":"closed","ping_status":"closed","sticky":false,"template":"","format":"standard","meta":{"jetpack_post_was_ever_published":false,"_jetpack_newsletter_access":"","_jetpack_dont_email_post_to_subs":false,"_jetpack_newsletter_tier_id":0,"_jetpack_memberships_contains_paywalled_content":false,"_jetpack_memberships_contains_paid_content":false,"footnotes":"","jetpack_publicize_message":"Funkamateure in W\u00fcrzberg - Tag der offenen T\u00fcr","jetpack_publicize_feature_enabled":true,"jetpack_social_post_already_shared":true,"jetpack_social_options":{"image_generator_settings":{"template":"highway","default_image_id":0,"font":"","enabled":false},"version":2}},"categories":[1,27,36],"tags":[],"class_list":["post-1873","post","type-post","status-publish","format-standard","hentry","category-allgemein","category-archiv","category-deutscher-amateur-radio-club"],"jetpack_publicize_connections":[],"jetpack_featured_media_url":"","jetpack_shortlink":"https:\/\/wp.me\/p71HmM-ud","jetpack_sharing_enabled":true,"publishpress_future_action":{"enabled":false,"date":"2026-05-07 20:53:46","action":"category-add","newStatus":"draft","terms":[],"taxonomy":"category","extraData":[]},"publishpress_future_workflow_manual_trigger":{"enabledWorkflows":[]},"_links":{"self":[{"href":"https:\/\/www.wuerzberg.info\/index.php?rest_route=\/wp\/v2\/posts\/1873","targetHints":{"allow":["GET"]}}],"collection":[{"href":"https:\/\/www.wuerzberg.info\/index.php?rest_route=\/wp\/v2\/posts"}],"about":[{"href":"https:\/\/www.wuerzberg.info\/index.php?rest_route=\/wp\/v2\/types\/post"}],"author":[{"embeddable":true,"href":"https:\/\/www.wuerzberg.info\/index.php?rest_route=\/wp\/v2\/users\/1"}],"replies":[{"embeddable":true,"href":"https:\/\/www.wuerzberg.info\/index.php?rest_route=%2Fwp%2Fv2%2Fcomments&post=1873"}],"version-history":[{"count":3,"href":"https:\/\/www.wuerzberg.info\/index.php?rest_route=\/wp\/v2\/posts\/1873\/revisions"}],"predecessor-version":[{"id":1878,"href":"https:\/\/www.wuerzberg.info\/index.php?rest_route=\/wp\/v2\/posts\/1873\/revisions\/1878"}],"wp:attachment":[{"href":"https:\/\/www.wuerzberg.info\/index.php?rest_route=%2Fwp%2Fv2%2Fmedia&parent=1873"}],"wp:term":[{"taxonomy":"category","embeddable":true,"href":"https:\/\/www.wuerzberg.info\/index.php?rest_route=%2Fwp%2Fv2%2Fcategories&post=1873"},{"taxonomy":"post_tag","embeddable":true,"href":"https:\/\/www.wuerzberg.info\/index.php?rest_route=%2Fwp%2Fv2%2Ftags&post=1873"}],"curies":[{"name":"wp","href":"https:\/\/api.w.org\/{rel}","templated":true}]}}