{"id":2176,"date":"2019-02-18T13:16:15","date_gmt":"2019-02-18T12:16:15","guid":{"rendered":"http:\/\/www.wuerzberg.info\/?p=2176"},"modified":"2019-03-04T03:03:27","modified_gmt":"2019-03-04T02:03:27","slug":"wahlhelfer-fuer-wuerzberg-gesucht","status":"publish","type":"post","link":"https:\/\/www.wuerzberg.info\/?p=2176","title":{"rendered":"Wahlhelfer f\u00fcr W\u00fcrzberg gesucht"},"content":{"rendered":"\n<p>Vom 23. bis 26. Mai 2019 w\u00e4hlen die B\u00fcrgerinnen und B\u00fcrger der Europ\u00e4ischen Union zum <strong>neunten Mal das Europ\u00e4ische Parlament<\/strong>. Die Bundesregierung hat als Wahltermin f\u00fcr die Europawahl in Deutschland den <strong>Sonntag 26. Mai 2019<\/strong> bestimmt.<\/p>\n\n\n\n<p><em>Eine Demokratie lebt von der aktiven Teilnahme ihrer B\u00fcrgerinnen und B\u00fcrger am politischen Geschehen. Wahlen sind die Lebensgrundlage unserer Demokratie.<\/em><br><\/p>\n\n\n\n<p>Auch f\u00fcr diese Wahl wurde der W\u00fcrzberger Ortsbeirat gebeten die notwendigen Wahlhelfer zu finden oder zu benennen.    <\/p>\n\n\n\n<p><strong>Bei Interesse und Bereitschaft w\u00fcrden wir uns \u00fcber eine R\u00fcckmeldung freuen.<\/strong><\/p>\n\n\n\n<p style=\"text-align:left\">Euer W\u00fcrzberger Ortsbeirat<\/p>\n\n\n\n<p>Weitere Informationen zur T\u00e4tigkeit als Wahlhelfer sind auf der Seite der Stadt Michelstadt zu finden:<br><a href=\"https:\/\/www.michelstadt.de\/aktuelles\/neuigkeiten\/2019\/01\/22\/wahlhelfer-in-der-kernstadt-gesucht\/\">https:\/\/www.michelstadt.de\/aktuelles\/neuigkeiten\/2019\/01\/22\/wahlhelfer-in-der-kernstadt-gesucht\/<\/a><\/p>\n\n\n\n<figure class=\"wp-block-image\"><img data-recalc-dims=\"1\" loading=\"lazy\" decoding=\"async\" width=\"625\" height=\"416\" data-attachment-id=\"2228\" data-permalink=\"https:\/\/www.wuerzberg.info\/?attachment_id=2228\" data-orig-file=\"https:\/\/i0.wp.com\/www.wuerzberg.info\/wp-content\/uploads\/2019\/02\/bundestagswahl-2718933_640.jpg?fit=640%2C426&amp;ssl=1\" data-orig-size=\"640,426\" data-comments-opened=\"0\" data-image-meta=\"{&quot;aperture&quot;:&quot;5.6&quot;,&quot;credit&quot;:&quot;&quot;,&quot;camera&quot;:&quot;ILCE-6000&quot;,&quot;caption&quot;:&quot;&quot;,&quot;created_timestamp&quot;:&quot;0&quot;,&quot;copyright&quot;:&quot;&quot;,&quot;focal_length&quot;:&quot;60&quot;,&quot;iso&quot;:&quot;100&quot;,&quot;shutter_speed&quot;:&quot;0.0125&quot;,&quot;title&quot;:&quot;&quot;,&quot;orientation&quot;:&quot;0&quot;}\" data-image-title=\"wahlbenachrichtigung\" data-image-description=\"&lt;p&gt;https:\/\/pixabay.com\/de\/bundestagswahl-briefwahl-2718933\/&lt;\/p&gt;\n\" data-image-caption=\"\" data-large-file=\"https:\/\/i0.wp.com\/www.wuerzberg.info\/wp-content\/uploads\/2019\/02\/bundestagswahl-2718933_640.jpg?fit=625%2C416&amp;ssl=1\" src=\"https:\/\/i0.wp.com\/www.wuerzberg.info\/wp-content\/uploads\/2019\/02\/bundestagswahl-2718933_640.jpg?resize=625%2C416\" alt=\"\" class=\"wp-image-2228\" srcset=\"https:\/\/i0.wp.com\/www.wuerzberg.info\/wp-content\/uploads\/2019\/02\/bundestagswahl-2718933_640.jpg?w=640&amp;ssl=1 640w, https:\/\/i0.wp.com\/www.wuerzberg.info\/wp-content\/uploads\/2019\/02\/bundestagswahl-2718933_640.jpg?resize=300%2C200&amp;ssl=1 300w, https:\/\/i0.wp.com\/www.wuerzberg.info\/wp-content\/uploads\/2019\/02\/bundestagswahl-2718933_640.jpg?resize=200%2C133&amp;ssl=1 200w\" sizes=\"auto, (max-width: 625px) 100vw, 625px\" \/><\/figure>\n\n\n\n<p>Quellen: <br> <a href=\"https:\/\/www.michelstadt.de\/aktuelles\/neuigkeiten\/2019\/01\/22\/wahlhelfer-in-der-kernstadt-gesucht\/\">https:\/\/www.michelstadt.de\/aktuelles\/neuigkeiten\/2019\/01\/22\/wahlhelfer-in-der-kernstadt-gesucht\/<\/a> <br><a href=\"https:\/\/www.bundeswahlleiter.de\/europawahlen\/2019.html\">https:\/\/www.bundeswahlleiter.de\/europawahlen\/2019.html<\/a><\/p>\n","protected":false},"excerpt":{"rendered":"<p>Vom 23. bis 26. Mai 2019 w\u00e4hlen die B\u00fcrgerinnen und B\u00fcrger der Europ\u00e4ischen Union zum neunten Mal das Europ\u00e4ische Parlament. Die Bundesregierung hat als Wahltermin f\u00fcr die Europawahl in Deutschland den Sonntag 26. Mai 2019 bestimmt. Eine Demokratie lebt von der aktiven Teilnahme ihrer B\u00fcrgerinnen und B\u00fcrger am politischen Geschehen. Wahlen sind die Lebensgrundlage unserer [&hellip;]<\/p>\n","protected":false},"author":1,"featured_media":0,"comment_status":"closed","ping_status":"closed","sticky":false,"template":"","format":"standard","meta":{"jetpack_post_was_ever_published":false,"_jetpack_newsletter_access":"","_jetpack_dont_email_post_to_subs":false,"_jetpack_newsletter_tier_id":0,"_jetpack_memberships_contains_paywalled_content":false,"_jetpack_memberships_contains_paid_content":false,"footnotes":"","jetpack_publicize_message":"Wahlhelfer f\u00fcr W\u00fcrzberg gesucht\n#Europawahl #Ehrenamt #Michelstadt #W\u00fcrzberg","jetpack_publicize_feature_enabled":true,"jetpack_social_post_already_shared":true,"jetpack_social_options":{"image_generator_settings":{"template":"highway","default_image_id":0,"font":"","enabled":false},"version":2}},"categories":[1,27,13],"tags":[],"class_list":["post-2176","post","type-post","status-publish","format-standard","hentry","category-allgemein","category-archiv","category-ortsbeirat"],"jetpack_publicize_connections":[],"jetpack_featured_media_url":"","jetpack_shortlink":"https:\/\/wp.me\/p71HmM-z6","jetpack_sharing_enabled":true,"publishpress_future_action":{"enabled":false,"date":"2026-05-10 12:40:56","action":"category-add","newStatus":"draft","terms":[],"taxonomy":"category","extraData":[]},"publishpress_future_workflow_manual_trigger":{"enabledWorkflows":[]},"_links":{"self":[{"href":"https:\/\/www.wuerzberg.info\/index.php?rest_route=\/wp\/v2\/posts\/2176","targetHints":{"allow":["GET"]}}],"collection":[{"href":"https:\/\/www.wuerzberg.info\/index.php?rest_route=\/wp\/v2\/posts"}],"about":[{"href":"https:\/\/www.wuerzberg.info\/index.php?rest_route=\/wp\/v2\/types\/post"}],"author":[{"embeddable":true,"href":"https:\/\/www.wuerzberg.info\/index.php?rest_route=\/wp\/v2\/users\/1"}],"replies":[{"embeddable":true,"href":"https:\/\/www.wuerzberg.info\/index.php?rest_route=%2Fwp%2Fv2%2Fcomments&post=2176"}],"version-history":[{"count":5,"href":"https:\/\/www.wuerzberg.info\/index.php?rest_route=\/wp\/v2\/posts\/2176\/revisions"}],"predecessor-version":[{"id":2231,"href":"https:\/\/www.wuerzberg.info\/index.php?rest_route=\/wp\/v2\/posts\/2176\/revisions\/2231"}],"wp:attachment":[{"href":"https:\/\/www.wuerzberg.info\/index.php?rest_route=%2Fwp%2Fv2%2Fmedia&parent=2176"}],"wp:term":[{"taxonomy":"category","embeddable":true,"href":"https:\/\/www.wuerzberg.info\/index.php?rest_route=%2Fwp%2Fv2%2Fcategories&post=2176"},{"taxonomy":"post_tag","embeddable":true,"href":"https:\/\/www.wuerzberg.info\/index.php?rest_route=%2Fwp%2Fv2%2Ftags&post=2176"}],"curies":[{"name":"wp","href":"https:\/\/api.w.org\/{rel}","templated":true}]}}