{"id":2486,"date":"2019-05-27T14:00:58","date_gmt":"2019-05-27T12:00:58","guid":{"rendered":"http:\/\/www.wuerzberg.info\/?p=2486"},"modified":"2019-06-10T10:27:08","modified_gmt":"2019-06-10T08:27:08","slug":"europawahl-wahlergebnis-wuerzberg","status":"publish","type":"post","link":"https:\/\/www.wuerzberg.info\/?p=2486","title":{"rendered":"Europawahl: Wahlergebnis W\u00fcrzberg"},"content":{"rendered":"\n<p>Das Wahlergebnis der Europawahl aus Michelstadt &#8211; Wahlbezirk 12 (W\u00fcrzberg)<\/p>\n\n\n\n<figure class=\"wp-block-image\"><a href=\"https:\/\/i0.wp.com\/www.wuerzberg.info\/wp-content\/uploads\/2019\/05\/2019_Wahlergebnis_WB_direkt.png?ssl=1\" target=\"_blank\" rel=\"noreferrer noopener\"><img data-recalc-dims=\"1\" decoding=\"async\" src=\"https:\/\/i0.wp.com\/www.wuerzberg.info\/wp-content\/uploads\/2019\/05\/2019_Wahlergebnis_WB_direkt.png?w=625\" alt=\"\" class=\"wp-image-2488\"\/><\/a><\/figure>\n\n\n\n<table class=\"wp-block-table\"><tbody><tr><td>Wahlberechtigte ohne Sperrvermerk<\/td><td>583<\/td><\/tr><tr><td>Wahlberechtigte mit Sperrvermerk<\/td><td>78<\/td><\/tr><tr><td>Wahlberechtigte insgesamt (mit Wahlschein 1)<\/td><td>661<\/td><\/tr><tr><td>W\u00e4hler (Urnenw\u00e4hler)<\/td><td>292<\/td><\/tr><tr><td>ung\u00fcltige Stimmen<\/td><td>8<\/td><\/tr><tr><td>g\u00fcltige Stimmen<\/td><td>284<\/td><\/tr><\/tbody><\/table>\n\n\n\n<table class=\"wp-block-table\"><tbody><tr><td>CDU<\/td><td>81<\/td><\/tr><tr><td>SPD<\/td><td>91<\/td><\/tr><tr><td>GR\u00dcNE<\/td><td>38<\/td><\/tr><tr><td>AfD<\/td><td>26<\/td><\/tr><tr><td>DIE LINKE<\/td><td>13<\/td><\/tr><tr><td>FDP<\/td><td>13<\/td><\/tr><tr><td>PIRATEN<\/td><td>1<\/td><\/tr><tr><td>Tierschutzpartei<\/td><td>2<\/td><\/tr><tr><td>FREIE W\u00c4HLER<\/td><td>3<\/td><\/tr><tr><td>NPD<\/td><td>1<\/td><\/tr><tr><td>Die PARTEI<\/td><td>8<\/td><\/tr><tr><td>FAMILIE<\/td><td>3<\/td><\/tr><tr><td>TIERSCHUTZ hier!<\/td><td>1<\/td><\/tr><tr><td>BGE<\/td><td>1<\/td><\/tr><tr><td>DIE RECHTE<\/td><td>1<\/td><\/tr><tr><td>LIEBE<\/td><td>1<\/td><\/tr><\/tbody><\/table>\n\n\n\n<p>Quelle: https:\/\/statistik-hessen.de\/e_2019\/html\/wahlergebnisse2.csv<br><strong>Alle Angaben ohne Gew\u00e4hr!<\/strong><\/p>\n","protected":false},"excerpt":{"rendered":"<p>Das Wahlergebnis der Europawahl aus Michelstadt &#8211; Wahlbezirk 12 (W\u00fcrzberg) Wahlberechtigte ohne Sperrvermerk 583 Wahlberechtigte mit Sperrvermerk 78 Wahlberechtigte insgesamt (mit Wahlschein 1) 661 W\u00e4hler (Urnenw\u00e4hler) 292 ung\u00fcltige Stimmen 8 g\u00fcltige Stimmen 284 CDU 81 SPD 91 GR\u00dcNE 38 AfD 26 DIE LINKE 13 FDP 13 PIRATEN 1 Tierschutzpartei 2 FREIE W\u00c4HLER 3 NPD 1 [&hellip;]<\/p>\n","protected":false},"author":1,"featured_media":0,"comment_status":"closed","ping_status":"closed","sticky":false,"template":"","format":"standard","meta":{"jetpack_post_was_ever_published":false,"_jetpack_newsletter_access":"","_jetpack_dont_email_post_to_subs":false,"_jetpack_newsletter_tier_id":0,"_jetpack_memberships_contains_paywalled_content":false,"_jetpack_memberships_contains_paid_content":false,"footnotes":"","jetpack_publicize_message":"","jetpack_publicize_feature_enabled":true,"jetpack_social_post_already_shared":true,"jetpack_social_options":{"image_generator_settings":{"template":"highway","default_image_id":0,"font":"","enabled":false},"version":2}},"categories":[1,27,13],"tags":[],"class_list":["post-2486","post","type-post","status-publish","format-standard","hentry","category-allgemein","category-archiv","category-ortsbeirat"],"jetpack_publicize_connections":[],"jetpack_featured_media_url":"","jetpack_shortlink":"https:\/\/wp.me\/p71HmM-E6","jetpack_sharing_enabled":true,"publishpress_future_action":{"enabled":false,"date":"2026-05-08 11:33:02","action":"category-add","newStatus":"draft","terms":[],"taxonomy":"category","extraData":[]},"publishpress_future_workflow_manual_trigger":{"enabledWorkflows":[]},"_links":{"self":[{"href":"https:\/\/www.wuerzberg.info\/index.php?rest_route=\/wp\/v2\/posts\/2486","targetHints":{"allow":["GET"]}}],"collection":[{"href":"https:\/\/www.wuerzberg.info\/index.php?rest_route=\/wp\/v2\/posts"}],"about":[{"href":"https:\/\/www.wuerzberg.info\/index.php?rest_route=\/wp\/v2\/types\/post"}],"author":[{"embeddable":true,"href":"https:\/\/www.wuerzberg.info\/index.php?rest_route=\/wp\/v2\/users\/1"}],"replies":[{"embeddable":true,"href":"https:\/\/www.wuerzberg.info\/index.php?rest_route=%2Fwp%2Fv2%2Fcomments&post=2486"}],"version-history":[{"count":6,"href":"https:\/\/www.wuerzberg.info\/index.php?rest_route=\/wp\/v2\/posts\/2486\/revisions"}],"predecessor-version":[{"id":2509,"href":"https:\/\/www.wuerzberg.info\/index.php?rest_route=\/wp\/v2\/posts\/2486\/revisions\/2509"}],"wp:attachment":[{"href":"https:\/\/www.wuerzberg.info\/index.php?rest_route=%2Fwp%2Fv2%2Fmedia&parent=2486"}],"wp:term":[{"taxonomy":"category","embeddable":true,"href":"https:\/\/www.wuerzberg.info\/index.php?rest_route=%2Fwp%2Fv2%2Fcategories&post=2486"},{"taxonomy":"post_tag","embeddable":true,"href":"https:\/\/www.wuerzberg.info\/index.php?rest_route=%2Fwp%2Fv2%2Ftags&post=2486"}],"curies":[{"name":"wp","href":"https:\/\/api.w.org\/{rel}","templated":true}]}}