{"id":2652,"date":"2019-08-20T06:04:02","date_gmt":"2019-08-20T04:04:02","guid":{"rendered":"http:\/\/www.wuerzberg.info\/?p=2652"},"modified":"2019-09-10T06:49:13","modified_gmt":"2019-09-10T04:49:13","slug":"programm-der-wuerzberger-kerb-2019","status":"publish","type":"post","link":"https:\/\/www.wuerzberg.info\/?p=2652","title":{"rendered":"Programm der W\u00fcrzberger Kerb 2019"},"content":{"rendered":"\n<div class=\"wp-block-columns has-2-columns is-layout-flex wp-container-core-columns-is-layout-9d6595d7 wp-block-columns-is-layout-flex\">\n<div class=\"wp-block-column is-layout-flow wp-block-column-is-layout-flow\">\n<figure class=\"wp-block-image\"><a href=\"http:\/\/www.wuerzberg.info\/wp-content\/uploads\/2019\/08\/2019_FlyerKerb.pdf\" target=\"_blank\" rel=\"noreferrer noopener\"><img data-recalc-dims=\"1\" loading=\"lazy\" decoding=\"async\" width=\"625\" height=\"884\" data-attachment-id=\"2657\" data-permalink=\"https:\/\/www.wuerzberg.info\/?attachment_id=2657\" data-orig-file=\"https:\/\/i0.wp.com\/www.wuerzberg.info\/wp-content\/uploads\/2019\/08\/2019_FlyerKerb.png?fit=826%2C1169&amp;ssl=1\" data-orig-size=\"826,1169\" data-comments-opened=\"0\" data-image-meta=\"{&quot;aperture&quot;:&quot;0&quot;,&quot;credit&quot;:&quot;&quot;,&quot;camera&quot;:&quot;&quot;,&quot;caption&quot;:&quot;&quot;,&quot;created_timestamp&quot;:&quot;0&quot;,&quot;copyright&quot;:&quot;&quot;,&quot;focal_length&quot;:&quot;0&quot;,&quot;iso&quot;:&quot;0&quot;,&quot;shutter_speed&quot;:&quot;0&quot;,&quot;title&quot;:&quot;&quot;,&quot;orientation&quot;:&quot;0&quot;}\" data-image-title=\"2019_FlyerKerb\" data-image-description=\"\" data-image-caption=\"\" data-large-file=\"https:\/\/i0.wp.com\/www.wuerzberg.info\/wp-content\/uploads\/2019\/08\/2019_FlyerKerb.png?fit=625%2C884&amp;ssl=1\" src=\"https:\/\/i0.wp.com\/www.wuerzberg.info\/wp-content\/uploads\/2019\/08\/2019_FlyerKerb-724x1024.png?resize=625%2C884\" alt=\"\" class=\"wp-image-2657\" srcset=\"https:\/\/i0.wp.com\/www.wuerzberg.info\/wp-content\/uploads\/2019\/08\/2019_FlyerKerb.png?resize=724%2C1024&amp;ssl=1 724w, https:\/\/i0.wp.com\/www.wuerzberg.info\/wp-content\/uploads\/2019\/08\/2019_FlyerKerb.png?resize=212%2C300&amp;ssl=1 212w, https:\/\/i0.wp.com\/www.wuerzberg.info\/wp-content\/uploads\/2019\/08\/2019_FlyerKerb.png?resize=768%2C1087&amp;ssl=1 768w, https:\/\/i0.wp.com\/www.wuerzberg.info\/wp-content\/uploads\/2019\/08\/2019_FlyerKerb.png?resize=141%2C200&amp;ssl=1 141w, https:\/\/i0.wp.com\/www.wuerzberg.info\/wp-content\/uploads\/2019\/08\/2019_FlyerKerb.png?w=826&amp;ssl=1 826w\" sizes=\"auto, (max-width: 625px) 100vw, 625px\" \/><\/a><\/figure>\n<\/div>\n\n\n\n<div class=\"wp-block-column is-layout-flow wp-block-column-is-layout-flow\">\n<p>In Bezug auf die mittlerweile abgeschlossene diesj\u00e4hrige Gro\u00dfbaustelle unserer <em>Ortsdurchfahrt <\/em>tr\u00e4gt die Kerb das Motto &#8222;Baustelle&#8220;.<br>Dies spiegelt sich beim traditionellen Umzug und beim Samstags-Aktionsnachmittag wieder.  <\/p>\n<\/div>\n<\/div>\n\n\n<h2>Freitag<\/h2>\n<h3>Weckruf durch den W\u00fcrzberger Spielmannszug<\/h3>\n<ul>\n<li>18:30 Uhr Leineweberweg<\/li>\n<\/ul>\n<ul>\n<li>19:15 Uhr Vorstadt bei&#8217;s &#8222;Hotze&#8220;<\/li>\n<\/ul>\n<ul>\n<li>20:00 Uhr zum Kerb ausgraben und Fassanstich im Dorfgemeinschaftshaus<\/li>\n<\/ul>\n<h3>1. W\u00fcrzberger Bierb\u00f6rse (EINTRITT FREI!)<\/h3>\n<h4>Motto des Abends: &#8222;Nacht in Tracht&#8220;<\/h4>\n<p>Bei der Bierb\u00f6rse bestimmt das Kaufverhalten der G\u00e4ste den Preis f\u00fcr die verschiedenen Biersorten. Bestellt mehrere G\u00e4ste ein Bier einer bestimmten Sorte, dann wird diese Biersorte teurer und andere Biersorten g\u00fcnstiger.<\/p>\n<p>Gelegentlich kommt es zu einem <strong>&#8222;B\u00f6rsencrash&#8220;<\/strong>. Bei diesem Crash fallen alle Preise auf einen Tiefstwert.<\/p>\n<p><img data-recalc-dims=\"1\" loading=\"lazy\" decoding=\"async\" data-attachment-id=\"2635\" data-permalink=\"https:\/\/www.wuerzberg.info\/?attachment_id=2635\" data-orig-file=\"https:\/\/i0.wp.com\/www.wuerzberg.info\/wp-content\/uploads\/2019\/07\/20190906_Bierboerse.png?fit=1280%2C718&amp;ssl=1\" data-orig-size=\"1280,718\" data-comments-opened=\"0\" data-image-meta=\"{&quot;aperture&quot;:&quot;0&quot;,&quot;credit&quot;:&quot;&quot;,&quot;camera&quot;:&quot;&quot;,&quot;caption&quot;:&quot;&quot;,&quot;created_timestamp&quot;:&quot;0&quot;,&quot;copyright&quot;:&quot;&quot;,&quot;focal_length&quot;:&quot;0&quot;,&quot;iso&quot;:&quot;0&quot;,&quot;shutter_speed&quot;:&quot;0&quot;,&quot;title&quot;:&quot;&quot;,&quot;orientation&quot;:&quot;0&quot;}\" data-image-title=\"20190906_Bierboerse\" data-image-description=\"\" data-image-caption=\"\" data-large-file=\"https:\/\/i0.wp.com\/www.wuerzberg.info\/wp-content\/uploads\/2019\/07\/20190906_Bierboerse.png?fit=625%2C350&amp;ssl=1\" class=\"aligncenter size-large wp-image-2635\" src=\"https:\/\/i0.wp.com\/www.wuerzberg.info\/wp-content\/uploads\/2019\/07\/20190906_Bierboerse-1024x574.png?resize=625%2C350\" alt=\"\" width=\"625\" height=\"350\" srcset=\"https:\/\/i0.wp.com\/www.wuerzberg.info\/wp-content\/uploads\/2019\/07\/20190906_Bierboerse.png?resize=1024%2C574&amp;ssl=1 1024w, https:\/\/i0.wp.com\/www.wuerzberg.info\/wp-content\/uploads\/2019\/07\/20190906_Bierboerse.png?resize=300%2C168&amp;ssl=1 300w, https:\/\/i0.wp.com\/www.wuerzberg.info\/wp-content\/uploads\/2019\/07\/20190906_Bierboerse.png?resize=768%2C431&amp;ssl=1 768w, https:\/\/i0.wp.com\/www.wuerzberg.info\/wp-content\/uploads\/2019\/07\/20190906_Bierboerse.png?resize=200%2C112&amp;ssl=1 200w, https:\/\/i0.wp.com\/www.wuerzberg.info\/wp-content\/uploads\/2019\/07\/20190906_Bierboerse.png?w=1280&amp;ssl=1 1280w\" sizes=\"auto, (max-width: 625px) 100vw, 625px\" \/><\/p>\n<p><strong>Es spielen &#8222;The Mo-GigS&#8220; &#8211; <a href=\"http:\/\/www.mo-gigs.de\" target=\"_blank\" rel=\"noopener noreferrer\">http:\/\/www.mo-gigs.de<\/a><\/strong><\/p>\n<p>Facebook-Event der Band:&nbsp;<strong><a href=\"https:\/\/www.facebook.com\/events\/2339498016334147\/\" target=\"_blank\" rel=\"noopener noreferrer\">https:\/\/www.facebook.com\/events\/2339498016334147\/<\/a><\/strong><\/p>\n<p><strong><a href=\"http:\/\/www.mo-gigs.de\"><img data-recalc-dims=\"1\" loading=\"lazy\" decoding=\"async\" class=\"size-medium\" src=\"https:\/\/i0.wp.com\/www.wuerzberg.info\/wp-content\/uploads\/2019\/07\/www.facebook.jpg?resize=270%2C270&#038;ssl=1\" width=\"270\" height=\"270\"><\/a><\/strong><\/p>\n<h2>Samstag<\/h2>\n<h3>ab 14:30 Uhr Aktionsnachmittag<\/h3>\n<p>?<strong> Baustellen &#8211; Olympiade <\/strong>?<\/p>\n<p>Teams \u00e1 4 Personen werden bei verschiedenen kleinen Spielen gegeneinander antreten. Die Spiele sind f\u00fcr <strong>Jung und Alt<\/strong> &#8211; ab 3 Jahre &#8211; 4 Personen je Team.<\/p>\n<p><b>Anmeldungen der Teams bitte vorab bei Lena Knapp &#8211; <\/b><strong>Hauptstra\u00dfe<\/strong><b> 35.<\/b><\/p>\n<p>Eine H\u00fcpfburg verspricht viel Spa\u00df f\u00fcr die Kinder.<br><strong>F\u00fcr das leibliche Wohl gibt es auch &#8222;Kaffee und Kuchen&#8220;.<\/strong><\/p>\n<h3>20:30 Uhr Rocknacht (Eintritt 5 \u20ac)<\/h3>\n<p><strong>Es spielen &#8222;DNS &#8211; Dads&#8217;n&#8217;Sons&#8220;<\/strong><\/p>\n<p><strong><a href=\"https:\/\/www.facebook.com\/dadsnsonsband\" target=\"_blank\" rel=\"noopener noreferrer\">https:\/\/www.facebook.com\/dadsnsonsband<\/a><\/strong><\/p>\n<p>Facebook-Event der Band:&nbsp;<strong><a href=\"https:\/\/www.facebook.com\/events\/373321656853236\">https:\/\/www.facebook.com\/events\/373321656853236\/<\/a><\/strong><\/p>\n<p><strong><a href=\"https:\/\/www.facebook.com\/dadsnsonsband\"><img data-recalc-dims=\"1\" loading=\"lazy\" decoding=\"async\" data-attachment-id=\"2597\" data-permalink=\"https:\/\/www.wuerzberg.info\/?attachment_id=2597\" data-orig-file=\"https:\/\/i0.wp.com\/www.wuerzberg.info\/wp-content\/uploads\/2019\/07\/www.facebook-1.jpg?fit=224%2C155&amp;ssl=1\" data-orig-size=\"224,155\" data-comments-opened=\"0\" data-image-meta=\"{&quot;aperture&quot;:&quot;0&quot;,&quot;credit&quot;:&quot;&quot;,&quot;camera&quot;:&quot;&quot;,&quot;caption&quot;:&quot;&quot;,&quot;created_timestamp&quot;:&quot;0&quot;,&quot;copyright&quot;:&quot;&quot;,&quot;focal_length&quot;:&quot;0&quot;,&quot;iso&quot;:&quot;0&quot;,&quot;shutter_speed&quot;:&quot;0&quot;,&quot;title&quot;:&quot;&quot;,&quot;orientation&quot;:&quot;0&quot;}\" data-image-title=\"[www.facebook-1\" data-image-description=\"\" data-image-caption=\"\" data-large-file=\"https:\/\/i0.wp.com\/www.wuerzberg.info\/wp-content\/uploads\/2019\/07\/www.facebook-1.jpg?fit=224%2C155&amp;ssl=1\" class=\"size-full wp-image-2597\" src=\"https:\/\/i0.wp.com\/www.wuerzberg.info\/wp-content\/uploads\/2019\/07\/www.facebook-1.jpg?resize=224%2C155&#038;ssl=1\" width=\"224\" height=\"155\" srcset=\"https:\/\/i0.wp.com\/www.wuerzberg.info\/wp-content\/uploads\/2019\/07\/www.facebook-1.jpg?w=224&amp;ssl=1 224w, https:\/\/i0.wp.com\/www.wuerzberg.info\/wp-content\/uploads\/2019\/07\/www.facebook-1.jpg?resize=200%2C138&amp;ssl=1 200w\" sizes=\"auto, (max-width: 224px) 100vw, 224px\" \/><\/a><\/strong><\/p>\n<h2>Sonntag<\/h2>\n<p><strong>09:30 Uhr Gottesdienst in der evangelischen Kirche<br>ab 10:00 Uhr Fr\u00fchschoppen<br>ab 11:30 Uhr Mittagstisch<br>13:30 Uhr Umzug unter dem Motto: <\/strong>?<strong> Baustelle <\/strong>?<strong><br>(Umzugs-Aufstellung ab 13:00 Uhr)<br>15:30 Uhr Kerweredd (durch den Nachmittag begleitet musikalisch &#8222;Flori&#8220;)<\/strong><\/p>\n<p><img data-recalc-dims=\"1\" loading=\"lazy\" decoding=\"async\" data-attachment-id=\"2640\" data-permalink=\"https:\/\/www.wuerzberg.info\/?attachment_id=2640\" data-orig-file=\"https:\/\/i0.wp.com\/www.wuerzberg.info\/wp-content\/uploads\/2019\/07\/Flori.jpeg?fit=640%2C426&amp;ssl=1\" data-orig-size=\"640,426\" data-comments-opened=\"0\" data-image-meta=\"{&quot;aperture&quot;:&quot;0&quot;,&quot;credit&quot;:&quot;&quot;,&quot;camera&quot;:&quot;&quot;,&quot;caption&quot;:&quot;&quot;,&quot;created_timestamp&quot;:&quot;0&quot;,&quot;copyright&quot;:&quot;&quot;,&quot;focal_length&quot;:&quot;0&quot;,&quot;iso&quot;:&quot;0&quot;,&quot;shutter_speed&quot;:&quot;0&quot;,&quot;title&quot;:&quot;&quot;,&quot;orientation&quot;:&quot;0&quot;}\" data-image-title=\"Flori\" data-image-description=\"\" data-image-caption=\"\" data-large-file=\"https:\/\/i0.wp.com\/www.wuerzberg.info\/wp-content\/uploads\/2019\/07\/Flori.jpeg?fit=625%2C416&amp;ssl=1\" class=\"size-medium wp-image-2640 alignnone\" src=\"https:\/\/i0.wp.com\/www.wuerzberg.info\/wp-content\/uploads\/2019\/07\/Flori-300x200.jpeg?resize=300%2C200\" alt=\"\" width=\"300\" height=\"200\" srcset=\"https:\/\/i0.wp.com\/www.wuerzberg.info\/wp-content\/uploads\/2019\/07\/Flori.jpeg?resize=300%2C200&amp;ssl=1 300w, https:\/\/i0.wp.com\/www.wuerzberg.info\/wp-content\/uploads\/2019\/07\/Flori.jpeg?resize=200%2C133&amp;ssl=1 200w, https:\/\/i0.wp.com\/www.wuerzberg.info\/wp-content\/uploads\/2019\/07\/Flori.jpeg?w=640&amp;ssl=1 640w\" sizes=\"auto, (max-width: 300px) 100vw, 300px\" \/><\/p>\n<p><strong>ca. 21:00 Uhr Kerwebobbe verbrennen<\/strong><\/p>\n<p><strong><img data-recalc-dims=\"1\" loading=\"lazy\" decoding=\"async\" class=\"size-medium\" src=\"https:\/\/i0.wp.com\/www.wuerzberg.info\/wp-content\/uploads\/2019\/07\/kerwelogo.jpg?resize=270%2C190&#038;ssl=1\" width=\"270\" height=\"190\"><\/strong><\/p>\n<h2>Montag<\/h2>\n<p><strong>10:00 Uhr Fr\u00fchschoppen beim Sch\u00fctzenverein<\/strong><\/p>\n<p>Veranstalter sind das DRK W\u00fcrzberg und die FFW W\u00fcrzberg.<br>Freitag bis Sonntag gibt es Essen von der Metzgerei Kirchschlager.<\/p>","protected":false},"excerpt":{"rendered":"<p>In Bezug auf die mittlerweile abgeschlossene diesj\u00e4hrige Gro\u00dfbaustelle unserer Ortsdurchfahrt tr\u00e4gt die Kerb das Motto &#8222;Baustelle&#8220;.Dies spiegelt sich beim traditionellen Umzug und beim Samstags-Aktionsnachmittag wieder. Freitag Weckruf durch den W\u00fcrzberger Spielmannszug 18:30 Uhr Leineweberweg 19:15 Uhr Vorstadt bei&#8217;s &#8222;Hotze&#8220; 20:00 Uhr zum Kerb ausgraben und Fassanstich im Dorfgemeinschaftshaus 1. W\u00fcrzberger Bierb\u00f6rse (EINTRITT FREI!) Motto des [&hellip;]<\/p>\n","protected":false},"author":1,"featured_media":2635,"comment_status":"closed","ping_status":"closed","sticky":false,"template":"","format":"standard","meta":{"jetpack_post_was_ever_published":false,"_jetpack_newsletter_access":"","_jetpack_dont_email_post_to_subs":false,"_jetpack_newsletter_tier_id":0,"_jetpack_memberships_contains_paywalled_content":false,"_jetpack_memberships_contains_paid_content":false,"footnotes":"","jetpack_publicize_message":"Das Programm der W\u00fcrzberger Kerb 2019 ist online...\nHighlight - die erste W\u00fcrzberger Bierb\u00f6rse!\n#Michelstadt #W\u00fcrzberg #Kerb","jetpack_publicize_feature_enabled":true,"jetpack_social_post_already_shared":true,"jetpack_social_options":{"image_generator_settings":{"template":"highway","default_image_id":0,"font":"","enabled":false},"version":2}},"categories":[1,27,2,5,9],"tags":[],"class_list":["post-2652","post","type-post","status-publish","format-standard","has-post-thumbnail","hentry","category-allgemein","category-archiv","category-drk","category-ffw","category-kerweclub"],"jetpack_publicize_connections":[],"jetpack_featured_media_url":"https:\/\/i0.wp.com\/www.wuerzberg.info\/wp-content\/uploads\/2019\/07\/20190906_Bierboerse.png?fit=1280%2C718&ssl=1","jetpack_shortlink":"https:\/\/wp.me\/p71HmM-GM","jetpack_sharing_enabled":true,"publishpress_future_action":{"enabled":false,"date":"2026-05-10 11:37:31","action":"category-add","newStatus":"draft","terms":[],"taxonomy":"category","extraData":[]},"publishpress_future_workflow_manual_trigger":{"enabledWorkflows":[]},"_links":{"self":[{"href":"https:\/\/www.wuerzberg.info\/index.php?rest_route=\/wp\/v2\/posts\/2652","targetHints":{"allow":["GET"]}}],"collection":[{"href":"https:\/\/www.wuerzberg.info\/index.php?rest_route=\/wp\/v2\/posts"}],"about":[{"href":"https:\/\/www.wuerzberg.info\/index.php?rest_route=\/wp\/v2\/types\/post"}],"author":[{"embeddable":true,"href":"https:\/\/www.wuerzberg.info\/index.php?rest_route=\/wp\/v2\/users\/1"}],"replies":[{"embeddable":true,"href":"https:\/\/www.wuerzberg.info\/index.php?rest_route=%2Fwp%2Fv2%2Fcomments&post=2652"}],"version-history":[{"count":6,"href":"https:\/\/www.wuerzberg.info\/index.php?rest_route=\/wp\/v2\/posts\/2652\/revisions"}],"predecessor-version":[{"id":2661,"href":"https:\/\/www.wuerzberg.info\/index.php?rest_route=\/wp\/v2\/posts\/2652\/revisions\/2661"}],"wp:featuredmedia":[{"embeddable":true,"href":"https:\/\/www.wuerzberg.info\/index.php?rest_route=\/wp\/v2\/media\/2635"}],"wp:attachment":[{"href":"https:\/\/www.wuerzberg.info\/index.php?rest_route=%2Fwp%2Fv2%2Fmedia&parent=2652"}],"wp:term":[{"taxonomy":"category","embeddable":true,"href":"https:\/\/www.wuerzberg.info\/index.php?rest_route=%2Fwp%2Fv2%2Fcategories&post=2652"},{"taxonomy":"post_tag","embeddable":true,"href":"https:\/\/www.wuerzberg.info\/index.php?rest_route=%2Fwp%2Fv2%2Ftags&post=2652"}],"curies":[{"name":"wp","href":"https:\/\/api.w.org\/{rel}","templated":true}]}}