{"id":2715,"date":"2019-11-14T15:49:29","date_gmt":"2019-11-14T14:49:29","guid":{"rendered":"http:\/\/www.wuerzberg.info\/?p=2715"},"modified":"2019-11-18T06:56:54","modified_gmt":"2019-11-18T05:56:54","slug":"volkstrauertag-2019-am-17-11-2019","status":"publish","type":"post","link":"https:\/\/www.wuerzberg.info\/?p=2715","title":{"rendered":"Volkstrauertag 2019 am 17.11.2019"},"content":{"rendered":"<p><span class=\"note_content\">Anl\u00e4sslich des Volkstrauertages begeht der W\u00fcrzberger Ortsbeirat am Sonntag, 17. November, um 11:00 Uhr in der Aussegnungshalle eine Gedenkstunde mit anschlie\u00dfender Kranzniederlegung.<br \/>\n<\/span>Alle Mitb\u00fcrger sind zur Veranstaltungen herzlich eingeladen.<\/p>\n<p><img data-recalc-dims=\"1\" loading=\"lazy\" decoding=\"async\" data-attachment-id=\"1642\" data-permalink=\"https:\/\/www.wuerzberg.info\/?attachment_id=1642\" data-orig-file=\"https:\/\/i0.wp.com\/www.wuerzberg.info\/wp-content\/uploads\/2018\/03\/Logo_Ortsbeirat.png?fit=428%2C581&amp;ssl=1\" data-orig-size=\"428,581\" data-comments-opened=\"0\" data-image-meta=\"{&quot;aperture&quot;:&quot;0&quot;,&quot;credit&quot;:&quot;&quot;,&quot;camera&quot;:&quot;&quot;,&quot;caption&quot;:&quot;&quot;,&quot;created_timestamp&quot;:&quot;0&quot;,&quot;copyright&quot;:&quot;&quot;,&quot;focal_length&quot;:&quot;0&quot;,&quot;iso&quot;:&quot;0&quot;,&quot;shutter_speed&quot;:&quot;0&quot;,&quot;title&quot;:&quot;&quot;,&quot;orientation&quot;:&quot;0&quot;}\" data-image-title=\"Logo_Ortsbeirat\" data-image-description=\"\" data-image-caption=\"\" data-large-file=\"https:\/\/i0.wp.com\/www.wuerzberg.info\/wp-content\/uploads\/2018\/03\/Logo_Ortsbeirat.png?fit=428%2C581&amp;ssl=1\" class=\"alignleft wp-image-1642\" src=\"https:\/\/i0.wp.com\/www.wuerzberg.info\/wp-content\/uploads\/2018\/03\/Logo_Ortsbeirat-221x300.png?resize=57%2C78\" alt=\"\" width=\"57\" height=\"78\" srcset=\"https:\/\/i0.wp.com\/www.wuerzberg.info\/wp-content\/uploads\/2018\/03\/Logo_Ortsbeirat.png?resize=221%2C300&amp;ssl=1 221w, https:\/\/i0.wp.com\/www.wuerzberg.info\/wp-content\/uploads\/2018\/03\/Logo_Ortsbeirat.png?resize=147%2C200&amp;ssl=1 147w, https:\/\/i0.wp.com\/www.wuerzberg.info\/wp-content\/uploads\/2018\/03\/Logo_Ortsbeirat.png?w=428&amp;ssl=1 428w\" sizes=\"auto, (max-width: 57px) 100vw, 57px\" \/><\/p>\n","protected":false},"excerpt":{"rendered":"<p>Anl\u00e4sslich des Volkstrauertages begeht der W\u00fcrzberger Ortsbeirat am Sonntag, 17. November, um 11:00 Uhr in der Aussegnungshalle eine Gedenkstunde mit anschlie\u00dfender Kranzniederlegung. Alle Mitb\u00fcrger sind zur Veranstaltungen herzlich eingeladen.<\/p>\n","protected":false},"author":1,"featured_media":0,"comment_status":"closed","ping_status":"closed","sticky":false,"template":"","format":"standard","meta":{"jetpack_post_was_ever_published":false,"_jetpack_newsletter_access":"","_jetpack_dont_email_post_to_subs":false,"_jetpack_newsletter_tier_id":0,"_jetpack_memberships_contains_paywalled_content":false,"_jetpack_memberships_contains_paid_content":false,"footnotes":"","jetpack_publicize_message":"","jetpack_publicize_feature_enabled":true,"jetpack_social_post_already_shared":true,"jetpack_social_options":{"image_generator_settings":{"template":"highway","default_image_id":0,"font":"","enabled":false},"version":2}},"categories":[1,27,13],"tags":[],"class_list":["post-2715","post","type-post","status-publish","format-standard","hentry","category-allgemein","category-archiv","category-ortsbeirat"],"jetpack_publicize_connections":[],"jetpack_featured_media_url":"","jetpack_shortlink":"https:\/\/wp.me\/p71HmM-HN","jetpack_sharing_enabled":true,"publishpress_future_action":{"enabled":false,"date":"2026-05-07 13:30:48","action":"category-add","newStatus":"draft","terms":[],"taxonomy":"category","extraData":[]},"publishpress_future_workflow_manual_trigger":{"enabledWorkflows":[]},"_links":{"self":[{"href":"https:\/\/www.wuerzberg.info\/index.php?rest_route=\/wp\/v2\/posts\/2715","targetHints":{"allow":["GET"]}}],"collection":[{"href":"https:\/\/www.wuerzberg.info\/index.php?rest_route=\/wp\/v2\/posts"}],"about":[{"href":"https:\/\/www.wuerzberg.info\/index.php?rest_route=\/wp\/v2\/types\/post"}],"author":[{"embeddable":true,"href":"https:\/\/www.wuerzberg.info\/index.php?rest_route=\/wp\/v2\/users\/1"}],"replies":[{"embeddable":true,"href":"https:\/\/www.wuerzberg.info\/index.php?rest_route=%2Fwp%2Fv2%2Fcomments&post=2715"}],"version-history":[{"count":3,"href":"https:\/\/www.wuerzberg.info\/index.php?rest_route=\/wp\/v2\/posts\/2715\/revisions"}],"predecessor-version":[{"id":2720,"href":"https:\/\/www.wuerzberg.info\/index.php?rest_route=\/wp\/v2\/posts\/2715\/revisions\/2720"}],"wp:attachment":[{"href":"https:\/\/www.wuerzberg.info\/index.php?rest_route=%2Fwp%2Fv2%2Fmedia&parent=2715"}],"wp:term":[{"taxonomy":"category","embeddable":true,"href":"https:\/\/www.wuerzberg.info\/index.php?rest_route=%2Fwp%2Fv2%2Fcategories&post=2715"},{"taxonomy":"post_tag","embeddable":true,"href":"https:\/\/www.wuerzberg.info\/index.php?rest_route=%2Fwp%2Fv2%2Ftags&post=2715"}],"curies":[{"name":"wp","href":"https:\/\/api.w.org\/{rel}","templated":true}]}}