{"id":3293,"date":"2020-10-18T09:04:50","date_gmt":"2020-10-18T07:04:50","guid":{"rendered":"https:\/\/www.wuerzberg.info\/?p=3293"},"modified":"2020-10-18T09:13:36","modified_gmt":"2020-10-18T07:13:36","slug":"kommentar-ortsbeirat-wuerzberg-spd-und-cdu-sorgen-fuer-deutliche-entlastung-im-schuelerverkehr-waehrend-der-corona-pandemie-auch-nach-corona","status":"publish","type":"post","link":"https:\/\/www.wuerzberg.info\/?p=3293","title":{"rendered":"Kommentar Ortsbeirat W\u00fcrzberg: &#8222;SPD und CDU sorgen f\u00fcr deutliche Entlastung im Sch\u00fclerverkehr w\u00e4hrend der Corona-Pandemie&#8220; &#8211; auch nach Corona?"},"content":{"rendered":"\n<h2 class=\"wp-block-heading\">Nur noch ein Schulbus zur ersten Schulstunde &#8211; Stehpl\u00e4tze entsprechen den Sch\u00fclerbef\u00f6rderungsstandards<\/h2>\n\n\n\n<p>Vor den Weihnachtsferien 2019\/2020 wurde die Anzahl der Schulbusse der Linie W\u00fcrzberg zur ersten Schulstunde von zwei auf einen Bus reduziert. Dies sieht der damals g\u00fcltig werdende Nahverkehrsplans f\u00fcr den Odenwaldkreis 2019-2024 so vor. <strong>Seit dem kann ein Teil der Sch\u00fcler auf ihrem Schulweg nach Michelstadt nur noch Stehpl\u00e4tze im Bus in Anspruch nehmen, da nicht gen\u00fcgend Sitzpl\u00e4tze vorhanden sind.<\/strong> Dies betrifft w\u00f6chentlich normale Schultage und nicht nur Sonderf\u00e4lle, z.B. zum Ferienbeginn.\u00a0<br><br>Der Ortsbeirat W\u00fcrzberg hat hierauf das Gespr\u00e4ch mit der OREG (Odenwald-Regional-Gesellschaft mbH), Odenwaldmobil und dem Odenwaldkreis gesucht.<br><br>Offiziell gez\u00e4hlt wurden maximal 7 fehlende Sitzpl\u00e4tze und somit stehende Kinder. Hiermit wurde auf der w\u00fcrzberger Buslinie allerdings die maximal zul\u00e4ssige Personenanzahl an keinem Z\u00e4hltag \u00fcberschritten, womit die zur Verf\u00fcgung gestellten Fahrzeugkapazit\u00e4ten die vorgegebenen Sch\u00fclerbef\u00f6rderungsstandards erf\u00fcllen, denn\u00a0gem\u00e4\u00df \u00a7 21 der StVO ist die Bef\u00f6rderung <strong>stehender<\/strong> Fahrg\u00e4ste in Kraftomnibussen zugelassen. <br><em>Es gibt die Einschr\u00e4nkung, sollte es nicht gen\u00fcgend Sitzpl\u00e4tze f\u00fcr die Fahrg\u00e4ste geben, darf maximal 60 km\/h au\u00dferhalb geschlossener Ortschaften gefahren werden.<\/em><br>Entsprechend des lokalen Nahverkehrsplans f\u00fcr den Odenwaldkreis ist die Bef\u00f6rderungskapazit\u00e4t je Fahrzeug (<strong>Sitz- und Stehpl\u00e4tze<\/strong>) im Sch\u00fclerverkehr auf <strong>max. 75 Personen (Steh- und Sitzpl\u00e4tze) <\/strong>im Standard-Solobus begrenzt.\u00a0<br><br>Eine schriftliche Anfrage an den Odenwaldkreis wurde gleichlautend beantwortet. Die Schulverwaltung wollte die Grundschule um Pr\u00fcfung bitten, ob hier \u00c4nderungen in der Stundenplangestaltung herbeigef\u00fchrt werden k\u00f6nnen. F\u00fcr Grundsch\u00fcler ist schwerpunktm\u00e4\u00dfig die planm\u00e4\u00dfige Anfahrt zur 2. Schulstunde vorgesehen. Der gleichzeitige Unterrichtsbeginn versch\u00e4rft das Problem der Fahrzeugauslastung. Auch bildet die Auslastung der w\u00fcrzberger Buslinie keine Ausnahme zu anderen Buslinien.<br><br>Die Grundsch\u00fcler im aktuellen Schuljahr 2020\/2021 haben ebenfalls wieder zur ersten Schulstunde Unterrichtsbeginn. <strong>Es m\u00fcssen an bestimmten Wochentagen wieder ~ 7 Kinder im Bus stehen.<\/strong><br><br>Im Odenw\u00e4lder Echo (12.10.2020) und der Pressemitteilung von CDU und SPD, die im Kreistag wie im Regierungsgremium eine gemeinsame Mehrheit stellen, wurde der Einsatz von Reisebusse aufgrund der Pandemie beschrieben, um bei den <em>&#8222;am st\u00e4rksten belasteten Linien kurzfristig eine Entzerrung erreichen, um den Menschen im Odenwald in der Pandemie mehr Sicherheit zu geben&#8220;<\/em>.<\/p>\n\n\n\n<p class=\"has-light-green-cyan-background-color has-background\"><strong>Wie auch in der Vergangenheit begr\u00fcndet, sieht der W\u00fcrzberger Ortsbeirat es als zwingend an, besonders bei den in W\u00fcrzberg teilweise nicht ungef\u00e4hrlichen <span style=\"text-decoration: underline;\">winterlichen Stra\u00dfenbedingungen<\/span>, jedem Kind im Regelfall einen Sitzplatz zu erm\u00f6glichen &#8211; auch im Anschluss an die hoffentlich bald endende Corona-Pandemie.<\/strong> Dies gilt nat\u00fcrlich auch f\u00fcr andere betroffenen Linien sowie Ortsteile.<\/p>\n\n\n\n<h2 class=\"wp-block-heading\">(Keine) Entlastung im Sch\u00fclerverkehr w\u00e4hrend der Corona-Pandemie<\/h2>\n\n\n\n<p class=\"has-vivid-red-background-color has-background\">Da die notwendige Passagieranzahl nicht erreicht wird fahren auf den genannten W\u00fcrzberger Linien keine Verst\u00e4rkerbusse.<br><a rel=\"noreferrer noopener\" href=\"https:\/\/www.odenwaldmobil.de\/nc\/news\/detailseite\/?oreg_news=390\" target=\"_blank\">https:\/\/www.odenwaldmobil.de\/nc\/news\/detailseite\/?oreg_news=390<\/a><\/p>\n\n\n\n<p>Dies bedeutet, dass eine Buslinie, bei der alle Sitzpl\u00e4tze bereits vor Corona besetzt waren und Stehpl\u00e4tze in Anspruch genommen werden mussten, in der Pandemie-Zeit keine Entlastung ben\u00f6tigt?!? <\/p>\n\n\n\n<p>Kommentar eines Elternteils: &#8222;<em>Unglaublich<\/em>!&#8220;<\/p>\n\n\n\n<p>Den Kommentaren unter verschiedenen Zeitungsartikel in Facebook ist zu entnehmen, dass nicht nur in W\u00fcrzberg Eltern von der \u00dcberschrift der Artikel entt\u00e4uscht sind. Auch in anderen Ortschaften hatte man sich erhofft, dass mit den Verst\u00e4rkerbussen auch das grunds\u00e4tzliche Problem, einer nicht ausreichenden Anzahl von Sitzpl\u00e4tzen gel\u00f6st werden w\u00fcrde. Zumindest f\u00fcr den kommenden Winter.<\/p>\n\n\n\n<p><strong>F\u00fcr den Ortsbeirat und die W\u00fcrzberger Eltern<br><em>Manuel Dingeldein &#8211; Ortsvorsteher<\/em><\/strong><\/p>\n\n\n\n<figure class=\"wp-block-image size-large\"><img data-recalc-dims=\"1\" loading=\"lazy\" decoding=\"async\" width=\"625\" height=\"416\" data-attachment-id=\"2548\" data-permalink=\"https:\/\/www.wuerzberg.info\/?attachment_id=2548\" data-orig-file=\"https:\/\/i0.wp.com\/www.wuerzberg.info\/wp-content\/uploads\/2019\/07\/stop-111392_640.jpg?fit=640%2C426&amp;ssl=1\" data-orig-size=\"640,426\" data-comments-opened=\"0\" data-image-meta=\"{&quot;aperture&quot;:&quot;11&quot;,&quot;credit&quot;:&quot;&quot;,&quot;camera&quot;:&quot;Canon EOS 50D&quot;,&quot;caption&quot;:&quot;&quot;,&quot;created_timestamp&quot;:&quot;0&quot;,&quot;copyright&quot;:&quot;&quot;,&quot;focal_length&quot;:&quot;17&quot;,&quot;iso&quot;:&quot;160&quot;,&quot;shutter_speed&quot;:&quot;0.004&quot;,&quot;title&quot;:&quot;&quot;,&quot;orientation&quot;:&quot;0&quot;}\" data-image-title=\"stop-111392_640\" data-image-description=\"&lt;p&gt;https:\/\/pixabay.com\/photos\/stop-bus-stop-traffic-road-111392\/&lt;\/p&gt;\n\" data-image-caption=\"\" data-large-file=\"https:\/\/i0.wp.com\/www.wuerzberg.info\/wp-content\/uploads\/2019\/07\/stop-111392_640.jpg?fit=625%2C416&amp;ssl=1\" src=\"https:\/\/i0.wp.com\/www.wuerzberg.info\/wp-content\/uploads\/2019\/07\/stop-111392_640.jpg?resize=625%2C416&#038;ssl=1\" alt=\"\" class=\"wp-image-2548\" srcset=\"https:\/\/i0.wp.com\/www.wuerzberg.info\/wp-content\/uploads\/2019\/07\/stop-111392_640.jpg?w=640&amp;ssl=1 640w, https:\/\/i0.wp.com\/www.wuerzberg.info\/wp-content\/uploads\/2019\/07\/stop-111392_640.jpg?resize=300%2C200&amp;ssl=1 300w, https:\/\/i0.wp.com\/www.wuerzberg.info\/wp-content\/uploads\/2019\/07\/stop-111392_640.jpg?resize=200%2C133&amp;ssl=1 200w\" sizes=\"auto, (max-width: 625px) 100vw, 625px\" \/><\/figure>\n\n\n\n<h2 class=\"wp-block-heading\">Verweise:<\/h2>\n\n\n\n<p><strong>Artikel im Odenw\u00e4lder-Echo (kostenpflichtiger Plus-Artikel)<\/strong><br><a rel=\"noreferrer noopener\" href=\"https:\/\/www.echo-online.de\/lokales\/odenwaldkreis\/odenwaldkreis\/zur-corona-abwehr-sollen-im-odenwaldkreis-mehr-busse-her_22409396\" target=\"_blank\">https:\/\/www.echo-online.de\/lokales\/odenwaldkreis\/odenwaldkreis\/zur-corona-abwehr-sollen-im-odenwaldkreis-mehr-busse-her_22409396<\/a><br><br><strong>SPD Odenwald<\/strong><br><a rel=\"noreferrer noopener\" href=\"https:\/\/www.spd-odenwald.de\/2020\/10\/08\/spd-und-cdu-sorgen-fuer-deutliche-entlastung-im-schuelerverkehr-waehrend-der-corona-pandemie\" target=\"_blank\">https:\/\/www.spd-odenwald.de\/2020\/10\/08\/spd-und-cdu-sorgen-fuer-deutliche-entlastung-im-schuelerverkehr-waehrend-der-corona-pandemie<\/a><br><br><strong>CDU Odenwaldkreis<\/strong><br><a rel=\"noreferrer noopener\" href=\"https:\/\/www.cduodenwaldkreis.de\/2020\/10\/08\/spd-und-cdu-sorgen-f%C3%BCr-deutliche-entlastung-im-sch%C3%BClerverkehr-w%C3%A4hrend-der-corona-pandemie\" target=\"_blank\">https:\/\/www.cduodenwaldkreis.de\/2020\/10\/08\/spd-und-cdu-sorgen-f%C3%BCr-deutliche-entlastung-im-sch%C3%BClerverkehr-w%C3%A4hrend-der-corona-pandemie<\/a><\/p>\n","protected":false},"excerpt":{"rendered":"<p>Nur noch ein Schulbus zur ersten Schulstunde &#8211; Stehpl\u00e4tze entsprechen den Sch\u00fclerbef\u00f6rderungsstandards Vor den Weihnachtsferien 2019\/2020 wurde die Anzahl der Schulbusse der Linie W\u00fcrzberg zur ersten Schulstunde von zwei auf einen Bus reduziert. Dies sieht der damals g\u00fcltig werdende Nahverkehrsplans f\u00fcr den Odenwaldkreis 2019-2024 so vor. Seit dem kann ein Teil der Sch\u00fcler auf ihrem [&hellip;]<\/p>\n","protected":false},"author":1,"featured_media":0,"comment_status":"closed","ping_status":"closed","sticky":false,"template":"","format":"standard","meta":{"jetpack_post_was_ever_published":false,"_jetpack_newsletter_access":"","_jetpack_dont_email_post_to_subs":false,"_jetpack_newsletter_tier_id":0,"_jetpack_memberships_contains_paywalled_content":false,"_jetpack_memberships_contains_paid_content":false,"footnotes":"","jetpack_publicize_message":"Kommentar Ortsbeirat W\u00fcrzberg: \"SPD und CDU sorgen f\u00fcr deutliche Entlastung im Sch\u00fclerverkehr w\u00e4hrend der Corona-Pandemie\" - auch nach Corona?\nKeine Verst\u00e4rkerbusse f\u00fcr die W\u00fcrzberger Linie!\n#Michelstadt #W\u00fcrzberg ","jetpack_publicize_feature_enabled":true,"jetpack_social_post_already_shared":true,"jetpack_social_options":{"image_generator_settings":{"template":"highway","default_image_id":0,"font":"","enabled":false},"version":2}},"categories":[1,13],"tags":[],"class_list":["post-3293","post","type-post","status-publish","format-standard","hentry","category-allgemein","category-ortsbeirat"],"jetpack_publicize_connections":[],"jetpack_featured_media_url":"","jetpack_shortlink":"https:\/\/wp.me\/p71HmM-R7","jetpack_sharing_enabled":true,"publishpress_future_action":{"enabled":false,"date":"2026-05-09 12:38:00","action":"category-add","newStatus":"draft","terms":[],"taxonomy":"category","extraData":[]},"publishpress_future_workflow_manual_trigger":{"enabledWorkflows":[]},"_links":{"self":[{"href":"https:\/\/www.wuerzberg.info\/index.php?rest_route=\/wp\/v2\/posts\/3293","targetHints":{"allow":["GET"]}}],"collection":[{"href":"https:\/\/www.wuerzberg.info\/index.php?rest_route=\/wp\/v2\/posts"}],"about":[{"href":"https:\/\/www.wuerzberg.info\/index.php?rest_route=\/wp\/v2\/types\/post"}],"author":[{"embeddable":true,"href":"https:\/\/www.wuerzberg.info\/index.php?rest_route=\/wp\/v2\/users\/1"}],"replies":[{"embeddable":true,"href":"https:\/\/www.wuerzberg.info\/index.php?rest_route=%2Fwp%2Fv2%2Fcomments&post=3293"}],"version-history":[{"count":17,"href":"https:\/\/www.wuerzberg.info\/index.php?rest_route=\/wp\/v2\/posts\/3293\/revisions"}],"predecessor-version":[{"id":3310,"href":"https:\/\/www.wuerzberg.info\/index.php?rest_route=\/wp\/v2\/posts\/3293\/revisions\/3310"}],"wp:attachment":[{"href":"https:\/\/www.wuerzberg.info\/index.php?rest_route=%2Fwp%2Fv2%2Fmedia&parent=3293"}],"wp:term":[{"taxonomy":"category","embeddable":true,"href":"https:\/\/www.wuerzberg.info\/index.php?rest_route=%2Fwp%2Fv2%2Fcategories&post=3293"},{"taxonomy":"post_tag","embeddable":true,"href":"https:\/\/www.wuerzberg.info\/index.php?rest_route=%2Fwp%2Fv2%2Ftags&post=3293"}],"curies":[{"name":"wp","href":"https:\/\/api.w.org\/{rel}","templated":true}]}}