{"id":3319,"date":"2020-10-27T06:10:20","date_gmt":"2020-10-27T05:10:20","guid":{"rendered":"https:\/\/www.wuerzberg.info\/?p=3319"},"modified":"2020-11-12T13:34:12","modified_gmt":"2020-11-12T12:34:12","slug":"vfr-absage-der-aktionstag","status":"publish","type":"post","link":"https:\/\/www.wuerzberg.info\/?p=3319","title":{"rendered":"VfR: Absage der Aktionstag"},"content":{"rendered":"\n<p>Der Fu\u00dfball Aktionstag muss aufgrund der aktuellen Corona Situation leider <strong>bis auf weiteres<\/strong> abgesagt werden.<br>Wir hoffen das wir uns bald wieder auf ein paar sch\u00f6ne Stunden auf dem Sportplatz treffen k\u00f6nnen!<\/p>\n\n\n\n<p>Bleibt gesund<br>euer <em>VfR W\u00fcrzberg<\/em><\/p>\n\n\n\n<figure class=\"wp-block-image size-large is-style-default\"><img data-recalc-dims=\"1\" loading=\"lazy\" decoding=\"async\" width=\"625\" height=\"442\" data-attachment-id=\"3320\" data-permalink=\"https:\/\/www.wuerzberg.info\/?attachment_id=3320\" data-orig-file=\"https:\/\/i0.wp.com\/www.wuerzberg.info\/wp-content\/uploads\/2020\/10\/20201027_Aktionstag_VfR.png?fit=1169%2C827&amp;ssl=1\" data-orig-size=\"1169,827\" data-comments-opened=\"0\" data-image-meta=\"{&quot;aperture&quot;:&quot;0&quot;,&quot;credit&quot;:&quot;&quot;,&quot;camera&quot;:&quot;&quot;,&quot;caption&quot;:&quot;&quot;,&quot;created_timestamp&quot;:&quot;0&quot;,&quot;copyright&quot;:&quot;&quot;,&quot;focal_length&quot;:&quot;0&quot;,&quot;iso&quot;:&quot;0&quot;,&quot;shutter_speed&quot;:&quot;0&quot;,&quot;title&quot;:&quot;&quot;,&quot;orientation&quot;:&quot;0&quot;}\" data-image-title=\"20201027_Aktionstag_VfR\" data-image-description=\"\" data-image-caption=\"\" data-large-file=\"https:\/\/i0.wp.com\/www.wuerzberg.info\/wp-content\/uploads\/2020\/10\/20201027_Aktionstag_VfR.png?fit=625%2C442&amp;ssl=1\" src=\"https:\/\/i0.wp.com\/www.wuerzberg.info\/wp-content\/uploads\/2020\/10\/20201027_Aktionstag_VfR.png?resize=625%2C442&#038;ssl=1\" alt=\"\" class=\"wp-image-3320\" srcset=\"https:\/\/i0.wp.com\/www.wuerzberg.info\/wp-content\/uploads\/2020\/10\/20201027_Aktionstag_VfR.png?resize=1024%2C724&amp;ssl=1 1024w, https:\/\/i0.wp.com\/www.wuerzberg.info\/wp-content\/uploads\/2020\/10\/20201027_Aktionstag_VfR.png?resize=300%2C212&amp;ssl=1 300w, https:\/\/i0.wp.com\/www.wuerzberg.info\/wp-content\/uploads\/2020\/10\/20201027_Aktionstag_VfR.png?resize=768%2C543&amp;ssl=1 768w, https:\/\/i0.wp.com\/www.wuerzberg.info\/wp-content\/uploads\/2020\/10\/20201027_Aktionstag_VfR.png?resize=200%2C141&amp;ssl=1 200w, https:\/\/i0.wp.com\/www.wuerzberg.info\/wp-content\/uploads\/2020\/10\/20201027_Aktionstag_VfR.png?w=1169&amp;ssl=1 1169w\" sizes=\"auto, (max-width: 625px) 100vw, 625px\" \/><\/figure>\n","protected":false},"excerpt":{"rendered":"<p>Der Fu\u00dfball Aktionstag muss aufgrund der aktuellen Corona Situation leider bis auf weiteres abgesagt werden.Wir hoffen das wir uns bald wieder auf ein paar sch\u00f6ne Stunden auf dem Sportplatz treffen k\u00f6nnen! Bleibt gesundeuer VfR W\u00fcrzberg<\/p>\n","protected":false},"author":1,"featured_media":0,"comment_status":"closed","ping_status":"closed","sticky":false,"template":"","format":"standard","meta":{"jetpack_post_was_ever_published":false,"_jetpack_newsletter_access":"","_jetpack_dont_email_post_to_subs":false,"_jetpack_newsletter_tier_id":0,"_jetpack_memberships_contains_paywalled_content":false,"_jetpack_memberships_contains_paid_content":false,"footnotes":"","jetpack_publicize_message":"VfR: Absage der Aktionstag\n\nDer Fu\u00dfball Aktionstag muss aufgrund der aktuellen Corona Situation leider bis auf weiteres abgesagt werden.\n\nBleibt gesund\neuer VfR W\u00fcrzberg\n#w\u00fcrzberg #michelstadt","jetpack_publicize_feature_enabled":true,"jetpack_social_post_already_shared":true,"jetpack_social_options":{"image_generator_settings":{"template":"highway","default_image_id":0,"font":"","enabled":false},"version":2}},"categories":[1,27,26],"tags":[],"class_list":["post-3319","post","type-post","status-publish","format-standard","hentry","category-allgemein","category-archiv","category-vfr"],"jetpack_publicize_connections":[],"jetpack_featured_media_url":"","jetpack_shortlink":"https:\/\/wp.me\/p71HmM-Rx","jetpack_sharing_enabled":true,"publishpress_future_action":{"enabled":false,"date":"2026-05-10 11:37:43","action":"category-add","newStatus":"draft","terms":[],"taxonomy":"category","extraData":[]},"publishpress_future_workflow_manual_trigger":{"enabledWorkflows":[]},"_links":{"self":[{"href":"https:\/\/www.wuerzberg.info\/index.php?rest_route=\/wp\/v2\/posts\/3319","targetHints":{"allow":["GET"]}}],"collection":[{"href":"https:\/\/www.wuerzberg.info\/index.php?rest_route=\/wp\/v2\/posts"}],"about":[{"href":"https:\/\/www.wuerzberg.info\/index.php?rest_route=\/wp\/v2\/types\/post"}],"author":[{"embeddable":true,"href":"https:\/\/www.wuerzberg.info\/index.php?rest_route=\/wp\/v2\/users\/1"}],"replies":[{"embeddable":true,"href":"https:\/\/www.wuerzberg.info\/index.php?rest_route=%2Fwp%2Fv2%2Fcomments&post=3319"}],"version-history":[{"count":1,"href":"https:\/\/www.wuerzberg.info\/index.php?rest_route=\/wp\/v2\/posts\/3319\/revisions"}],"predecessor-version":[{"id":3321,"href":"https:\/\/www.wuerzberg.info\/index.php?rest_route=\/wp\/v2\/posts\/3319\/revisions\/3321"}],"wp:attachment":[{"href":"https:\/\/www.wuerzberg.info\/index.php?rest_route=%2Fwp%2Fv2%2Fmedia&parent=3319"}],"wp:term":[{"taxonomy":"category","embeddable":true,"href":"https:\/\/www.wuerzberg.info\/index.php?rest_route=%2Fwp%2Fv2%2Fcategories&post=3319"},{"taxonomy":"post_tag","embeddable":true,"href":"https:\/\/www.wuerzberg.info\/index.php?rest_route=%2Fwp%2Fv2%2Ftags&post=3319"}],"curies":[{"name":"wp","href":"https:\/\/api.w.org\/{rel}","templated":true}]}}