{"id":3330,"date":"2020-11-12T11:07:18","date_gmt":"2020-11-12T10:07:18","guid":{"rendered":"https:\/\/www.wuerzberg.info\/?p=3330"},"modified":"2020-12-20T10:54:42","modified_gmt":"2020-12-20T09:54:42","slug":"sperrung-bis-zum-18-dezember-2020-verlaengert-b-47-erneuerung-der-fahrbahn-zwischen-der-landesgrenze-und-boxbrunn","status":"publish","type":"post","link":"https:\/\/www.wuerzberg.info\/?p=3330","title":{"rendered":"Sperrung bis zum 18. Dezember 2020 verl\u00e4ngert! &#8211; B 47 Erneuerung der Fahrbahn zwischen der Landesgrenze und Boxbrunn"},"content":{"rendered":"\n<p class=\"has-vivid-red-background-color has-background\"><span style=\"text-decoration: underline;\"><strong>Sperrung bis zum 18. Dezember 2020 verl\u00e4ngert<\/strong>!<\/span><\/p>\n\n\n\n<p class=\"has-vivid-red-background-color has-background\">Im Zuge des Gehwegneubaus in der Ortsdurchfahrt Boxbrunn ist es zu unvorhergesehenen Mehrarbeiten im Bereich der Leitungsverlegung gekommen.<br>Des Weiteren konnten die f\u00fcr den Oktober geplanten Bauleistungen, aufgrund schlechter Witterung, nicht in der vorgesehenen Zeit durchgef\u00fchrt werden<\/p>\n\n\n\n<p class=\"has-vivid-red-background-color has-background\"><strong>Die Ma\u00dfnahme und der damit verbundene Umleitungsverkehr durch Vielbrunn wird somit vier Wochen l\u00e4nger andauern.<\/strong><\/p>\n\n\n\n<p><strong>Urspr\u00fcngliche Meldung:<\/strong><\/p>\n\n\n\n<p>Die Durchf\u00fchrung der Bauarbeiten ist von <br><strong>28. September \u2013 &nbsp;<\/strong><s><strong>21. November 2020<\/strong><\/s> <strong><span class=\"has-inline-color has-vivid-red-color\">verl\u00e4ngert bis 18.12.2020<\/span><\/strong>!<br>geplant.<\/p>\n\n\n\n<p>Aufgrund der geringen Fahrbahnbreite kann die Bauma\u00dfnahme nur unter Vollsperrung des Streckenabschnittes erfolgen.<\/p>\n\n\n\n<p>Die ausgeschilderte Umleitung erfolgt f\u00fcr beide Fahrtrichtungen \u00fcber die L 3349, L 3318 Vielbrunn, Mil 6 Ohrnbachtal, Weckbach, und B 469 Weilbach.<\/p>\n\n\n\n<p>Die Erreichbarkeit von Boxbrunn ist aus Fahrtrichtung B 469 \/ B 47 Industriegebiet Weilbach S\u00fcd \/ Amorbach jederzeit m\u00f6glich. <\/p>\n\n\n\n<figure class=\"wp-block-image size-large\"><img data-recalc-dims=\"1\" loading=\"lazy\" decoding=\"async\" width=\"625\" height=\"441\" data-attachment-id=\"3267\" data-permalink=\"https:\/\/www.wuerzberg.info\/?attachment_id=3267\" data-orig-file=\"https:\/\/i0.wp.com\/www.wuerzberg.info\/wp-content\/uploads\/2020\/09\/image.png?fit=4403%2C3108&amp;ssl=1\" data-orig-size=\"4403,3108\" data-comments-opened=\"0\" data-image-meta=\"{&quot;aperture&quot;:&quot;0&quot;,&quot;credit&quot;:&quot;&quot;,&quot;camera&quot;:&quot;&quot;,&quot;caption&quot;:&quot;&quot;,&quot;created_timestamp&quot;:&quot;0&quot;,&quot;copyright&quot;:&quot;&quot;,&quot;focal_length&quot;:&quot;0&quot;,&quot;iso&quot;:&quot;0&quot;,&quot;shutter_speed&quot;:&quot;0&quot;,&quot;title&quot;:&quot;&quot;,&quot;orientation&quot;:&quot;0&quot;}\" data-image-title=\"image\" data-image-description=\"\" data-image-caption=\"\" data-large-file=\"https:\/\/i0.wp.com\/www.wuerzberg.info\/wp-content\/uploads\/2020\/09\/image.png?fit=625%2C441&amp;ssl=1\" src=\"https:\/\/i0.wp.com\/www.wuerzberg.info\/wp-content\/uploads\/2020\/09\/image.png?resize=625%2C441&#038;ssl=1\" alt=\"\" class=\"wp-image-3267\" srcset=\"https:\/\/i0.wp.com\/www.wuerzberg.info\/wp-content\/uploads\/2020\/09\/image.png?resize=1024%2C723&amp;ssl=1 1024w, https:\/\/i0.wp.com\/www.wuerzberg.info\/wp-content\/uploads\/2020\/09\/image.png?resize=300%2C212&amp;ssl=1 300w, https:\/\/i0.wp.com\/www.wuerzberg.info\/wp-content\/uploads\/2020\/09\/image.png?resize=768%2C542&amp;ssl=1 768w, https:\/\/i0.wp.com\/www.wuerzberg.info\/wp-content\/uploads\/2020\/09\/image.png?resize=1536%2C1084&amp;ssl=1 1536w, https:\/\/i0.wp.com\/www.wuerzberg.info\/wp-content\/uploads\/2020\/09\/image.png?resize=2048%2C1446&amp;ssl=1 2048w, https:\/\/i0.wp.com\/www.wuerzberg.info\/wp-content\/uploads\/2020\/09\/image.png?resize=200%2C141&amp;ssl=1 200w, https:\/\/i0.wp.com\/www.wuerzberg.info\/wp-content\/uploads\/2020\/09\/image.png?w=1250&amp;ssl=1 1250w, https:\/\/i0.wp.com\/www.wuerzberg.info\/wp-content\/uploads\/2020\/09\/image.png?w=1875&amp;ssl=1 1875w\" sizes=\"auto, (max-width: 625px) 100vw, 625px\" \/><figcaption>Quelle: STAATLICHES BAUAMT ASCHAFFENBURG<\/figcaption><\/figure>\n\n\n\n<figure class=\"wp-block-image size-large is-style-default\"><img data-recalc-dims=\"1\" loading=\"lazy\" decoding=\"async\" width=\"625\" height=\"364\" data-attachment-id=\"3247\" data-permalink=\"https:\/\/www.wuerzberg.info\/?attachment_id=3247\" data-orig-file=\"https:\/\/i0.wp.com\/www.wuerzberg.info\/wp-content\/uploads\/2020\/09\/border-5174667_1920.jpg?fit=1920%2C1118&amp;ssl=1\" data-orig-size=\"1920,1118\" data-comments-opened=\"0\" data-image-meta=\"{&quot;aperture&quot;:&quot;2.8&quot;,&quot;credit&quot;:&quot;&quot;,&quot;camera&quot;:&quot;ILCA-77M2&quot;,&quot;caption&quot;:&quot;&quot;,&quot;created_timestamp&quot;:&quot;0&quot;,&quot;copyright&quot;:&quot;&quot;,&quot;focal_length&quot;:&quot;16&quot;,&quot;iso&quot;:&quot;100&quot;,&quot;shutter_speed&quot;:&quot;0.0008&quot;,&quot;title&quot;:&quot;&quot;,&quot;orientation&quot;:&quot;0&quot;}\" data-image-title=\"border-5174667_1920\" data-image-description=\"\" data-image-caption=\"\" data-large-file=\"https:\/\/i0.wp.com\/www.wuerzberg.info\/wp-content\/uploads\/2020\/09\/border-5174667_1920.jpg?fit=625%2C364&amp;ssl=1\" src=\"https:\/\/i0.wp.com\/www.wuerzberg.info\/wp-content\/uploads\/2020\/09\/border-5174667_1920.jpg?resize=625%2C364&#038;ssl=1\" alt=\"Bild zeigt gesperrte Stra\u00dfe\nhttps:\/\/pixabay.com\/de\/photos\/grenze-corona-%C3%B6sterreich-bayern-5174667\/\" class=\"wp-image-3247\" srcset=\"https:\/\/i0.wp.com\/www.wuerzberg.info\/wp-content\/uploads\/2020\/09\/border-5174667_1920.jpg?resize=1024%2C596&amp;ssl=1 1024w, https:\/\/i0.wp.com\/www.wuerzberg.info\/wp-content\/uploads\/2020\/09\/border-5174667_1920.jpg?resize=300%2C175&amp;ssl=1 300w, https:\/\/i0.wp.com\/www.wuerzberg.info\/wp-content\/uploads\/2020\/09\/border-5174667_1920.jpg?resize=768%2C447&amp;ssl=1 768w, https:\/\/i0.wp.com\/www.wuerzberg.info\/wp-content\/uploads\/2020\/09\/border-5174667_1920.jpg?resize=1536%2C894&amp;ssl=1 1536w, https:\/\/i0.wp.com\/www.wuerzberg.info\/wp-content\/uploads\/2020\/09\/border-5174667_1920.jpg?resize=200%2C116&amp;ssl=1 200w, https:\/\/i0.wp.com\/www.wuerzberg.info\/wp-content\/uploads\/2020\/09\/border-5174667_1920.jpg?w=1920&amp;ssl=1 1920w, https:\/\/i0.wp.com\/www.wuerzberg.info\/wp-content\/uploads\/2020\/09\/border-5174667_1920.jpg?w=1250&amp;ssl=1 1250w\" sizes=\"auto, (max-width: 625px) 100vw, 625px\" \/><figcaption>Bildquelle: pixabay.com \/ Es war einfach zu passend&#8230; \ud83d\ude09<\/figcaption><\/figure>\n\n\n\n<p><a href=\"https:\/\/www.landkreis-miltenberg.de\/Wirtschaft,Bauen-Verkehr\/Verkehr\/Strassensperrungen.aspx\" target=\"_blank\" rel=\"noreferrer noopener\">https:\/\/www.landkreis-miltenberg.de\/Wirtschaft,Bauen-Verkehr\/Verkehr\/Strassensperrungen.aspx<\/a><\/p>\n","protected":false},"excerpt":{"rendered":"<p>Sperrung bis zum 18. Dezember 2020 verl\u00e4ngert! Im Zuge des Gehwegneubaus in der Ortsdurchfahrt Boxbrunn ist es zu unvorhergesehenen Mehrarbeiten im Bereich der Leitungsverlegung gekommen.Des Weiteren konnten die f\u00fcr den Oktober geplanten Bauleistungen, aufgrund schlechter Witterung, nicht in der vorgesehenen Zeit durchgef\u00fchrt werden Die Ma\u00dfnahme und der damit verbundene Umleitungsverkehr durch Vielbrunn wird somit vier [&hellip;]<\/p>\n","protected":false},"author":1,"featured_media":0,"comment_status":"closed","ping_status":"closed","sticky":false,"template":"","format":"standard","meta":{"jetpack_post_was_ever_published":false,"_jetpack_newsletter_access":"","_jetpack_dont_email_post_to_subs":false,"_jetpack_newsletter_tier_id":0,"_jetpack_memberships_contains_paywalled_content":false,"_jetpack_memberships_contains_paid_content":false,"footnotes":"","jetpack_publicize_message":"Sperrung bis zum 18. Dezember 2020 verl\u00e4ngert! - B 47 Erneuerung der Fahrbahn zwischen der Landesgrenze und Boxbrunn\n#michelstadt #w\u00fcrzberg #amorbach #vielbrunn","jetpack_publicize_feature_enabled":true,"jetpack_social_post_already_shared":true,"jetpack_social_options":{"image_generator_settings":{"template":"highway","default_image_id":0,"font":"","enabled":false},"version":2}},"categories":[1,27,13],"tags":[],"class_list":["post-3330","post","type-post","status-publish","format-standard","hentry","category-allgemein","category-archiv","category-ortsbeirat"],"jetpack_publicize_connections":[],"jetpack_featured_media_url":"","jetpack_shortlink":"https:\/\/wp.me\/p71HmM-RI","jetpack_sharing_enabled":true,"publishpress_future_action":{"enabled":false,"date":"2026-05-10 12:47:36","action":"category-add","newStatus":"draft","terms":[],"taxonomy":"category","extraData":[]},"publishpress_future_workflow_manual_trigger":{"enabledWorkflows":[]},"_links":{"self":[{"href":"https:\/\/www.wuerzberg.info\/index.php?rest_route=\/wp\/v2\/posts\/3330","targetHints":{"allow":["GET"]}}],"collection":[{"href":"https:\/\/www.wuerzberg.info\/index.php?rest_route=\/wp\/v2\/posts"}],"about":[{"href":"https:\/\/www.wuerzberg.info\/index.php?rest_route=\/wp\/v2\/types\/post"}],"author":[{"embeddable":true,"href":"https:\/\/www.wuerzberg.info\/index.php?rest_route=\/wp\/v2\/users\/1"}],"replies":[{"embeddable":true,"href":"https:\/\/www.wuerzberg.info\/index.php?rest_route=%2Fwp%2Fv2%2Fcomments&post=3330"}],"version-history":[{"count":3,"href":"https:\/\/www.wuerzberg.info\/index.php?rest_route=\/wp\/v2\/posts\/3330\/revisions"}],"predecessor-version":[{"id":3337,"href":"https:\/\/www.wuerzberg.info\/index.php?rest_route=\/wp\/v2\/posts\/3330\/revisions\/3337"}],"wp:attachment":[{"href":"https:\/\/www.wuerzberg.info\/index.php?rest_route=%2Fwp%2Fv2%2Fmedia&parent=3330"}],"wp:term":[{"taxonomy":"category","embeddable":true,"href":"https:\/\/www.wuerzberg.info\/index.php?rest_route=%2Fwp%2Fv2%2Fcategories&post=3330"},{"taxonomy":"post_tag","embeddable":true,"href":"https:\/\/www.wuerzberg.info\/index.php?rest_route=%2Fwp%2Fv2%2Ftags&post=3330"}],"curies":[{"name":"wp","href":"https:\/\/api.w.org\/{rel}","templated":true}]}}