{"id":3936,"date":"2021-06-16T06:37:43","date_gmt":"2021-06-16T04:37:43","guid":{"rendered":"https:\/\/www.wuerzberg.info\/?p=3936"},"modified":"2021-06-19T08:47:11","modified_gmt":"2021-06-19T06:47:11","slug":"vfr-fussball-aktionstag-am-fr-18-06-2021","status":"publish","type":"post","link":"https:\/\/www.wuerzberg.info\/?p=3936","title":{"rendered":"VfR: Fu\u00dfball &#8211; Aktionstag am Fr. 18.06.2021"},"content":{"rendered":"\n<p>Der VfR W\u00fcrzberg l\u00e4dt alle fu\u00dfballinteressierten M\u00e4dchen und Jungen im Alter von 3-10 Jahren hierzu&nbsp;<strong>am Freitag um 17:00 Uhr&nbsp;<\/strong>an den Sportplatz ein.<\/p>\n\n\n\n<p>Absagen werden kurzfristig geteilt\u2026<\/p>\n\n\n\n<p><em>Das Training findet unter Einhaltung der aktuellen Corona-Regelungen statt.<\/em><\/p>\n\n\n\n<figure class=\"wp-block-image size-large\"><img data-recalc-dims=\"1\" loading=\"lazy\" decoding=\"async\" width=\"625\" height=\"700\" data-attachment-id=\"3937\" data-permalink=\"https:\/\/www.wuerzberg.info\/?attachment_id=3937\" data-orig-file=\"https:\/\/i0.wp.com\/www.wuerzberg.info\/wp-content\/uploads\/2021\/06\/20210618_VfR_Fr_Aktionstag.png?fit=2279%2C2552&amp;ssl=1\" data-orig-size=\"2279,2552\" data-comments-opened=\"0\" data-image-meta=\"{&quot;aperture&quot;:&quot;0&quot;,&quot;credit&quot;:&quot;&quot;,&quot;camera&quot;:&quot;&quot;,&quot;caption&quot;:&quot;&quot;,&quot;created_timestamp&quot;:&quot;0&quot;,&quot;copyright&quot;:&quot;&quot;,&quot;focal_length&quot;:&quot;0&quot;,&quot;iso&quot;:&quot;0&quot;,&quot;shutter_speed&quot;:&quot;0&quot;,&quot;title&quot;:&quot;&quot;,&quot;orientation&quot;:&quot;0&quot;}\" data-image-title=\"20210618_VfR_Fr_Aktionstag\" data-image-description=\"\" data-image-caption=\"\" data-large-file=\"https:\/\/i0.wp.com\/www.wuerzberg.info\/wp-content\/uploads\/2021\/06\/20210618_VfR_Fr_Aktionstag.png?fit=625%2C700&amp;ssl=1\" src=\"https:\/\/i0.wp.com\/www.wuerzberg.info\/wp-content\/uploads\/2021\/06\/20210618_VfR_Fr_Aktionstag.png?resize=625%2C700&#038;ssl=1\" alt=\"\" class=\"wp-image-3937\" srcset=\"https:\/\/i0.wp.com\/www.wuerzberg.info\/wp-content\/uploads\/2021\/06\/20210618_VfR_Fr_Aktionstag.png?resize=914%2C1024&amp;ssl=1 914w, https:\/\/i0.wp.com\/www.wuerzberg.info\/wp-content\/uploads\/2021\/06\/20210618_VfR_Fr_Aktionstag.png?resize=268%2C300&amp;ssl=1 268w, https:\/\/i0.wp.com\/www.wuerzberg.info\/wp-content\/uploads\/2021\/06\/20210618_VfR_Fr_Aktionstag.png?resize=768%2C860&amp;ssl=1 768w, https:\/\/i0.wp.com\/www.wuerzberg.info\/wp-content\/uploads\/2021\/06\/20210618_VfR_Fr_Aktionstag.png?resize=1372%2C1536&amp;ssl=1 1372w, https:\/\/i0.wp.com\/www.wuerzberg.info\/wp-content\/uploads\/2021\/06\/20210618_VfR_Fr_Aktionstag.png?resize=1829%2C2048&amp;ssl=1 1829w, https:\/\/i0.wp.com\/www.wuerzberg.info\/wp-content\/uploads\/2021\/06\/20210618_VfR_Fr_Aktionstag.png?resize=179%2C200&amp;ssl=1 179w, https:\/\/i0.wp.com\/www.wuerzberg.info\/wp-content\/uploads\/2021\/06\/20210618_VfR_Fr_Aktionstag.png?w=1250&amp;ssl=1 1250w\" sizes=\"auto, (max-width: 625px) 100vw, 625px\" \/><\/figure>\n","protected":false},"excerpt":{"rendered":"<p>Der VfR W\u00fcrzberg l\u00e4dt alle fu\u00dfballinteressierten M\u00e4dchen und Jungen im Alter von 3-10 Jahren hierzu&nbsp;am Freitag um 17:00 Uhr&nbsp;an den Sportplatz ein. Absagen werden kurzfristig geteilt\u2026 Das Training findet unter Einhaltung der aktuellen Corona-Regelungen statt.<\/p>\n","protected":false},"author":1,"featured_media":0,"comment_status":"closed","ping_status":"closed","sticky":false,"template":"","format":"standard","meta":{"jetpack_post_was_ever_published":false,"_jetpack_newsletter_access":"","_jetpack_dont_email_post_to_subs":false,"_jetpack_newsletter_tier_id":0,"_jetpack_memberships_contains_paywalled_content":false,"_jetpack_memberships_contains_paid_content":false,"footnotes":"","jetpack_publicize_message":"Fu\u00dfball - Aktionstag am Freitag 18.06.2021\nDer VfR W\u00fcrzberg l\u00e4dt alle fu\u00dfballinteressierten M\u00e4dchen und Jungen im Alter von 3-10 Jahren hierzu am Freitag um 17:00 Uhr an den Sportplatz ein.\n#w\u00fcrzberg #michelstadt","jetpack_publicize_feature_enabled":true,"jetpack_social_post_already_shared":true,"jetpack_social_options":{"image_generator_settings":{"template":"highway","default_image_id":0,"font":"","enabled":false},"version":2}},"categories":[1,27,26],"tags":[],"class_list":["post-3936","post","type-post","status-publish","format-standard","hentry","category-allgemein","category-archiv","category-vfr"],"jetpack_publicize_connections":[],"jetpack_featured_media_url":"","jetpack_shortlink":"https:\/\/wp.me\/p71HmM-11u","jetpack_sharing_enabled":true,"publishpress_future_action":{"enabled":false,"date":"2026-05-09 11:35:25","action":"category-add","newStatus":"draft","terms":[],"taxonomy":"category","extraData":[]},"publishpress_future_workflow_manual_trigger":{"enabledWorkflows":[]},"_links":{"self":[{"href":"https:\/\/www.wuerzberg.info\/index.php?rest_route=\/wp\/v2\/posts\/3936","targetHints":{"allow":["GET"]}}],"collection":[{"href":"https:\/\/www.wuerzberg.info\/index.php?rest_route=\/wp\/v2\/posts"}],"about":[{"href":"https:\/\/www.wuerzberg.info\/index.php?rest_route=\/wp\/v2\/types\/post"}],"author":[{"embeddable":true,"href":"https:\/\/www.wuerzberg.info\/index.php?rest_route=\/wp\/v2\/users\/1"}],"replies":[{"embeddable":true,"href":"https:\/\/www.wuerzberg.info\/index.php?rest_route=%2Fwp%2Fv2%2Fcomments&post=3936"}],"version-history":[{"count":2,"href":"https:\/\/www.wuerzberg.info\/index.php?rest_route=\/wp\/v2\/posts\/3936\/revisions"}],"predecessor-version":[{"id":3939,"href":"https:\/\/www.wuerzberg.info\/index.php?rest_route=\/wp\/v2\/posts\/3936\/revisions\/3939"}],"wp:attachment":[{"href":"https:\/\/www.wuerzberg.info\/index.php?rest_route=%2Fwp%2Fv2%2Fmedia&parent=3936"}],"wp:term":[{"taxonomy":"category","embeddable":true,"href":"https:\/\/www.wuerzberg.info\/index.php?rest_route=%2Fwp%2Fv2%2Fcategories&post=3936"},{"taxonomy":"post_tag","embeddable":true,"href":"https:\/\/www.wuerzberg.info\/index.php?rest_route=%2Fwp%2Fv2%2Ftags&post=3936"}],"curies":[{"name":"wp","href":"https:\/\/api.w.org\/{rel}","templated":true}]}}