{"id":4043,"date":"2021-07-27T10:46:11","date_gmt":"2021-07-27T08:46:11","guid":{"rendered":"https:\/\/www.wuerzberg.info\/?p=4043"},"modified":"2021-08-12T09:00:00","modified_gmt":"2021-08-12T07:00:00","slug":"b47-fahrbahnerneuerung-strecke-wird-freitagabend-gegen-18-00-uhr-fuer-den-verkehr-freigegeben","status":"publish","type":"post","link":"https:\/\/www.wuerzberg.info\/?p=4043","title":{"rendered":"B47 Fahrbahnerneuerung: Strecke wird Freitagabend gegen 18.00 Uhr f\u00fcr den Verkehr freigegeben"},"content":{"rendered":"\n<p>Quelle: Pressemitteilung &#8211; Heppenheim, 27.07.2021 (Hessen Mobil &#8211; Stra\u00dfen- und Verkehrsmanagement)<\/p>\n\n\n\n<p>Die Bauarbeiten zur Erneuerung der Fahrbahn im Zuge der Bundesstra\u00dfe B 47 bei Michelstadt zwischen den Abzweigungen der Kreisstra\u00dfen K 44 Richtung Ernsbach und der K 45 in Richtung W\u00fcrzberg stehen kurz vor dem Abschluss.<\/p>\n\n\n\n<p>Im Laufe des kommenden Freitagabends, den <strong>30. Juli gegen 18.00 Uhr wird die bestehende Vollsperrung aufgehoben<\/strong> und die Strecke wieder f\u00fcr den Verkehr freigegeben.<\/p>\n\n\n\n<p>Der vollst\u00e4ndige Abbau der umfangreichen Umleitungsbeschilderung wird jedoch voraussichtlich noch zwei weitere Tage andauern.<\/p>\n\n\n\n<p>Am Montag, den 2. August werden zudem Markierungsarbeiten an den R\u00e4ndern durchgef\u00fchrt. Hierbei kann es zu geringf\u00fcgigen Verkehrseinschr\u00e4nkungen durch das langsam fahrende Markierungsfahrzeug kommen.<\/p>\n\n\n\n<p>Im Rahmen der Bauarbeiten, die insgesamt rund f\u00fcnf Wochen andauerten, erfolgte auf einer L\u00e4nge von rund drei Kilometern eine Erneuerung der schadhaften Asphaltfahrbahn der Bundesstra\u00dfe.<\/p>\n\n\n\n<p>Zu diesem Zwecke wurde die Fahrbahn \u00fcber die gesamte Fahrbahnbreite rund zw\u00f6lf Zentimeter tief abgefr\u00e4st und tieferliegende Schadstellen instandgesetzt. Anschlie\u00dfend wurde die Fahrbahn mit einer rund acht Zentimeter dicken Asphaltbinderschicht und einer rund vier Zentimeter dicken Asphaltbetonschicht neu aufgebaut.<\/p>\n\n\n\n<p>Die Baukosten der gesamten Ma\u00dfnahme betragen rund 855.000 Euro und werden vom Bund getragen.<\/p>\n\n\n\n<figure class=\"wp-block-image size-large\"><img data-recalc-dims=\"1\" loading=\"lazy\" decoding=\"async\" width=\"625\" height=\"375\" data-attachment-id=\"4047\" data-permalink=\"https:\/\/www.wuerzberg.info\/?attachment_id=4047\" data-orig-file=\"https:\/\/i0.wp.com\/www.wuerzberg.info\/wp-content\/uploads\/2021\/07\/img_6823.png?fit=1280%2C768&amp;ssl=1\" data-orig-size=\"1280,768\" data-comments-opened=\"0\" data-image-meta=\"{&quot;aperture&quot;:&quot;0&quot;,&quot;credit&quot;:&quot;&quot;,&quot;camera&quot;:&quot;&quot;,&quot;caption&quot;:&quot;&quot;,&quot;created_timestamp&quot;:&quot;0&quot;,&quot;copyright&quot;:&quot;&quot;,&quot;focal_length&quot;:&quot;0&quot;,&quot;iso&quot;:&quot;0&quot;,&quot;shutter_speed&quot;:&quot;0&quot;,&quot;title&quot;:&quot;&quot;,&quot;orientation&quot;:&quot;0&quot;}\" data-image-title=\"img_6823\" data-image-description=\"\" data-image-caption=\"\" data-large-file=\"https:\/\/i0.wp.com\/www.wuerzberg.info\/wp-content\/uploads\/2021\/07\/img_6823.png?fit=625%2C375&amp;ssl=1\" src=\"https:\/\/i0.wp.com\/www.wuerzberg.info\/wp-content\/uploads\/2021\/07\/img_6823.png?resize=625%2C375&#038;ssl=1\" alt=\"\" class=\"wp-image-4047\" srcset=\"https:\/\/i0.wp.com\/www.wuerzberg.info\/wp-content\/uploads\/2021\/07\/img_6823.png?resize=1024%2C614&amp;ssl=1 1024w, https:\/\/i0.wp.com\/www.wuerzberg.info\/wp-content\/uploads\/2021\/07\/img_6823.png?resize=300%2C180&amp;ssl=1 300w, https:\/\/i0.wp.com\/www.wuerzberg.info\/wp-content\/uploads\/2021\/07\/img_6823.png?resize=768%2C461&amp;ssl=1 768w, https:\/\/i0.wp.com\/www.wuerzberg.info\/wp-content\/uploads\/2021\/07\/img_6823.png?resize=200%2C120&amp;ssl=1 200w, https:\/\/i0.wp.com\/www.wuerzberg.info\/wp-content\/uploads\/2021\/07\/img_6823.png?w=1280&amp;ssl=1 1280w\" sizes=\"auto, (max-width: 625px) 100vw, 625px\" \/><\/figure>\n","protected":false},"excerpt":{"rendered":"<p>Quelle: Pressemitteilung &#8211; Heppenheim, 27.07.2021 (Hessen Mobil &#8211; Stra\u00dfen- und Verkehrsmanagement) Die Bauarbeiten zur Erneuerung der Fahrbahn im Zuge der Bundesstra\u00dfe B 47 bei Michelstadt zwischen den Abzweigungen der Kreisstra\u00dfen K 44 Richtung Ernsbach und der K 45 in Richtung W\u00fcrzberg stehen kurz vor dem Abschluss. Im Laufe des kommenden Freitagabends, den 30. Juli gegen [&hellip;]<\/p>\n","protected":false},"author":1,"featured_media":0,"comment_status":"closed","ping_status":"closed","sticky":false,"template":"","format":"standard","meta":{"jetpack_post_was_ever_published":false,"_jetpack_newsletter_access":"","_jetpack_dont_email_post_to_subs":false,"_jetpack_newsletter_tier_id":0,"_jetpack_memberships_contains_paywalled_content":false,"_jetpack_memberships_contains_paid_content":false,"footnotes":"","jetpack_publicize_message":"B 47 Fahrbahnerneuerung: Strecke (Eulbach - Ernsbach) wird Freitagabend gegen 18.00 Uhr f\u00fcr den Verkehr freigegeben\n#w\u00fcrzberg #michelstadt #b47 #boxbrunn","jetpack_publicize_feature_enabled":true,"jetpack_social_post_already_shared":true,"jetpack_social_options":{"image_generator_settings":{"template":"highway","default_image_id":0,"font":"","enabled":false},"version":2}},"categories":[1,27,13],"tags":[],"class_list":["post-4043","post","type-post","status-publish","format-standard","hentry","category-allgemein","category-archiv","category-ortsbeirat"],"jetpack_publicize_connections":[],"jetpack_featured_media_url":"","jetpack_shortlink":"https:\/\/wp.me\/p71HmM-13d","jetpack_sharing_enabled":true,"publishpress_future_action":{"enabled":false,"date":"2026-05-09 11:36:23","action":"category-add","newStatus":"draft","terms":[],"taxonomy":"category","extraData":[]},"publishpress_future_workflow_manual_trigger":{"enabledWorkflows":[]},"_links":{"self":[{"href":"https:\/\/www.wuerzberg.info\/index.php?rest_route=\/wp\/v2\/posts\/4043","targetHints":{"allow":["GET"]}}],"collection":[{"href":"https:\/\/www.wuerzberg.info\/index.php?rest_route=\/wp\/v2\/posts"}],"about":[{"href":"https:\/\/www.wuerzberg.info\/index.php?rest_route=\/wp\/v2\/types\/post"}],"author":[{"embeddable":true,"href":"https:\/\/www.wuerzberg.info\/index.php?rest_route=\/wp\/v2\/users\/1"}],"replies":[{"embeddable":true,"href":"https:\/\/www.wuerzberg.info\/index.php?rest_route=%2Fwp%2Fv2%2Fcomments&post=4043"}],"version-history":[{"count":4,"href":"https:\/\/www.wuerzberg.info\/index.php?rest_route=\/wp\/v2\/posts\/4043\/revisions"}],"predecessor-version":[{"id":4048,"href":"https:\/\/www.wuerzberg.info\/index.php?rest_route=\/wp\/v2\/posts\/4043\/revisions\/4048"}],"wp:attachment":[{"href":"https:\/\/www.wuerzberg.info\/index.php?rest_route=%2Fwp%2Fv2%2Fmedia&parent=4043"}],"wp:term":[{"taxonomy":"category","embeddable":true,"href":"https:\/\/www.wuerzberg.info\/index.php?rest_route=%2Fwp%2Fv2%2Fcategories&post=4043"},{"taxonomy":"post_tag","embeddable":true,"href":"https:\/\/www.wuerzberg.info\/index.php?rest_route=%2Fwp%2Fv2%2Ftags&post=4043"}],"curies":[{"name":"wp","href":"https:\/\/api.w.org\/{rel}","templated":true}]}}