{"id":4197,"date":"2021-11-16T19:35:35","date_gmt":"2021-11-16T18:35:35","guid":{"rendered":"https:\/\/www.wuerzberg.info\/?p=4197"},"modified":"2021-12-01T20:02:18","modified_gmt":"2021-12-01T19:02:18","slug":"wuerzberg-in-lichtern-martinsumzug-des-kindergartens-zur-wichtelburg","status":"publish","type":"post","link":"https:\/\/www.wuerzberg.info\/?p=4197","title":{"rendered":"W\u00fcrzberg in Lichtern &#8211; Martinsumzug des Kindergartens \u201eZur Wichtelburg&#8220;"},"content":{"rendered":"\n<p><strong>W\u00fcrzberg.<\/strong> P\u00fcnktlich zu St. Martin am 11.11.2021 meinte es der Wettergott gut mit den Kindern des st\u00e4dtischen Kindergartens W\u00fcrzberg \u201eZur Wichtelburg\u201c.<\/p>\n\n\n\n<p>Zum 1. Mal fand der Laternenumzug unter dem Motto \u201eW\u00fcrzberg in Lichtern\u201c statt. Die Kinder hatten im Vorfeld flei\u00dfig aus Gl\u00e4sern kleine bunte Martinslichter gestaltet und hiermit alle W\u00fcrzberger zu Ihrem \u201eFest\u201c eingeladen. Die Lichter konnte man gegen eine kleine Spende zugunsten des Kiga erwerben.<\/p>\n\n\n\n<figure class=\"wp-block-image size-large is-resized\"><img data-recalc-dims=\"1\" loading=\"lazy\" decoding=\"async\" data-attachment-id=\"4199\" data-permalink=\"https:\/\/www.wuerzberg.info\/?attachment_id=4199\" data-orig-file=\"https:\/\/i0.wp.com\/www.wuerzberg.info\/wp-content\/uploads\/2021\/11\/IMG_8310-scaled.jpg?fit=2560%2C1440&amp;ssl=1\" data-orig-size=\"2560,1440\" data-comments-opened=\"0\" data-image-meta=\"{&quot;aperture&quot;:&quot;2.4&quot;,&quot;credit&quot;:&quot;&quot;,&quot;camera&quot;:&quot;iPhone 12 Pro&quot;,&quot;caption&quot;:&quot;&quot;,&quot;created_timestamp&quot;:&quot;1636651171&quot;,&quot;copyright&quot;:&quot;&quot;,&quot;focal_length&quot;:&quot;1.54&quot;,&quot;iso&quot;:&quot;2500&quot;,&quot;shutter_speed&quot;:&quot;0.04&quot;,&quot;title&quot;:&quot;&quot;,&quot;orientation&quot;:&quot;1&quot;}\" data-image-title=\"IMG_8310\" data-image-description=\"\" data-image-caption=\"\" data-large-file=\"https:\/\/i0.wp.com\/www.wuerzberg.info\/wp-content\/uploads\/2021\/11\/IMG_8310-scaled.jpg?fit=625%2C352&amp;ssl=1\" src=\"https:\/\/i0.wp.com\/www.wuerzberg.info\/wp-content\/uploads\/2021\/11\/IMG_8310.jpg?resize=512%2C288&#038;ssl=1\" alt=\"\" class=\"wp-image-4199\" width=\"512\" height=\"288\" srcset=\"https:\/\/i0.wp.com\/www.wuerzberg.info\/wp-content\/uploads\/2021\/11\/IMG_8310-scaled.jpg?resize=1024%2C576&amp;ssl=1 1024w, https:\/\/i0.wp.com\/www.wuerzberg.info\/wp-content\/uploads\/2021\/11\/IMG_8310-scaled.jpg?resize=300%2C169&amp;ssl=1 300w, https:\/\/i0.wp.com\/www.wuerzberg.info\/wp-content\/uploads\/2021\/11\/IMG_8310-scaled.jpg?resize=768%2C432&amp;ssl=1 768w, https:\/\/i0.wp.com\/www.wuerzberg.info\/wp-content\/uploads\/2021\/11\/IMG_8310-scaled.jpg?resize=1536%2C864&amp;ssl=1 1536w, https:\/\/i0.wp.com\/www.wuerzberg.info\/wp-content\/uploads\/2021\/11\/IMG_8310-scaled.jpg?resize=2048%2C1152&amp;ssl=1 2048w, https:\/\/i0.wp.com\/www.wuerzberg.info\/wp-content\/uploads\/2021\/11\/IMG_8310-scaled.jpg?resize=200%2C113&amp;ssl=1 200w, https:\/\/i0.wp.com\/www.wuerzberg.info\/wp-content\/uploads\/2021\/11\/IMG_8310-scaled.jpg?w=1250&amp;ssl=1 1250w, https:\/\/i0.wp.com\/www.wuerzberg.info\/wp-content\/uploads\/2021\/11\/IMG_8310-scaled.jpg?w=1875&amp;ssl=1 1875w\" sizes=\"auto, (max-width: 512px) 100vw, 512px\" \/><\/figure>\n\n\n\n<p>Informiert wurden die Bewohner des H\u00f6hendorfes durch spendenfinanzierte Flyer. An dieser Stelle nochmals ein herzliches Dankesch\u00f6n an die ortsans\u00e4ssigen Firmen <em>Maschinenbau Kubitza, Odenw\u00e4lder Cafestube, Rainer Trumpfheller Karosseriebau &amp; Lackierung GmbH, Daniel Weyrauch &#8211; Fensterbau, Schlosserei Peter Walther, Gastst\u00e4tte Zur R\u00f6merburg, geistReich Blumen &amp; Dekoration<\/em> f\u00fcr die gro\u00dfz\u00fcgigen Spenden.<\/p>\n\n\n\n<p>Start war nach dem ersten gemeinsamen Einsingen um 17 Uhr am Dorfgemeinschaftshaus. Die bunt leuchtenden Laternen wanderten entlang der Hauptstra\u00dfe zur Gastst\u00e4tte \u201eZur R\u00f6merburg\u201c in den Garten von Familie Vieten. &nbsp;Unterwegs gab es einen Zwischenstopp f\u00fcr ein weiteres von den Kindern gesungenes Martinslied. An der R\u00f6merburg angekommen, wartete ein Lagerfeuer auf die Kleinen. Zwei Abschlusslieder und f\u00fcr jedes Kind eine Zuckerbrezel, gesponsert von Fam. Franke, rundeten den Abend ab.<\/p>\n\n\n\n<figure class=\"wp-block-image size-large is-resized\"><img data-recalc-dims=\"1\" loading=\"lazy\" decoding=\"async\" data-attachment-id=\"4198\" data-permalink=\"https:\/\/www.wuerzberg.info\/?attachment_id=4198\" data-orig-file=\"https:\/\/i0.wp.com\/www.wuerzberg.info\/wp-content\/uploads\/2021\/11\/WhatsApp-Image-2021-11-16-at-16.29.28.jpeg?fit=1600%2C1200&amp;ssl=1\" data-orig-size=\"1600,1200\" data-comments-opened=\"0\" data-image-meta=\"{&quot;aperture&quot;:&quot;0&quot;,&quot;credit&quot;:&quot;&quot;,&quot;camera&quot;:&quot;&quot;,&quot;caption&quot;:&quot;&quot;,&quot;created_timestamp&quot;:&quot;0&quot;,&quot;copyright&quot;:&quot;&quot;,&quot;focal_length&quot;:&quot;0&quot;,&quot;iso&quot;:&quot;0&quot;,&quot;shutter_speed&quot;:&quot;0&quot;,&quot;title&quot;:&quot;&quot;,&quot;orientation&quot;:&quot;0&quot;}\" data-image-title=\"WhatsApp-Image-2021-11-16-at-16.29.28\" data-image-description=\"\" data-image-caption=\"\" data-large-file=\"https:\/\/i0.wp.com\/www.wuerzberg.info\/wp-content\/uploads\/2021\/11\/WhatsApp-Image-2021-11-16-at-16.29.28.jpeg?fit=625%2C469&amp;ssl=1\" src=\"https:\/\/i0.wp.com\/www.wuerzberg.info\/wp-content\/uploads\/2021\/11\/WhatsApp-Image-2021-11-16-at-16.29.28.jpeg?resize=512%2C384&#038;ssl=1\" alt=\"\" class=\"wp-image-4198\" width=\"512\" height=\"384\" srcset=\"https:\/\/i0.wp.com\/www.wuerzberg.info\/wp-content\/uploads\/2021\/11\/WhatsApp-Image-2021-11-16-at-16.29.28.jpeg?resize=1024%2C768&amp;ssl=1 1024w, https:\/\/i0.wp.com\/www.wuerzberg.info\/wp-content\/uploads\/2021\/11\/WhatsApp-Image-2021-11-16-at-16.29.28.jpeg?resize=300%2C225&amp;ssl=1 300w, https:\/\/i0.wp.com\/www.wuerzberg.info\/wp-content\/uploads\/2021\/11\/WhatsApp-Image-2021-11-16-at-16.29.28.jpeg?resize=768%2C576&amp;ssl=1 768w, https:\/\/i0.wp.com\/www.wuerzberg.info\/wp-content\/uploads\/2021\/11\/WhatsApp-Image-2021-11-16-at-16.29.28.jpeg?resize=1536%2C1152&amp;ssl=1 1536w, https:\/\/i0.wp.com\/www.wuerzberg.info\/wp-content\/uploads\/2021\/11\/WhatsApp-Image-2021-11-16-at-16.29.28.jpeg?resize=200%2C150&amp;ssl=1 200w, https:\/\/i0.wp.com\/www.wuerzberg.info\/wp-content\/uploads\/2021\/11\/WhatsApp-Image-2021-11-16-at-16.29.28.jpeg?w=1600&amp;ssl=1 1600w, https:\/\/i0.wp.com\/www.wuerzberg.info\/wp-content\/uploads\/2021\/11\/WhatsApp-Image-2021-11-16-at-16.29.28.jpeg?w=1250&amp;ssl=1 1250w\" sizes=\"auto, (max-width: 512px) 100vw, 512px\" \/><\/figure>\n\n\n\n<p>Aufgrund der anhaltenden Corona Pandemie war der Martinsumzug leider ausschlie\u00dflich f\u00fcr die Kindergartenkinder der Wichtelburg und ihre Familien gedacht. Auch musste ein im Vorfeld geplantes gem\u00fctliches Beisammensein mit Hei\u00dfgetr\u00e4nken und Essen nach dem Umzug aufgrund des Infektionsrisikos abgesagt werden.<\/p>\n\n\n\n<p>Umso mehr haben sich alle dar\u00fcber gefreut, dass so viele W\u00fcrzberger jeden Alters, mit ihren Lichtern die Stra\u00dfe und nicht zuletzt die Augen der Kinder zum Leuchten gebracht haben.<\/p>\n\n\n\n<p class=\"has-text-align-right\">Text: Alexandra Geist<\/p>\n","protected":false},"excerpt":{"rendered":"<p>W\u00fcrzberg. P\u00fcnktlich zu St. Martin am 11.11.2021 meinte es der Wettergott gut mit den Kindern des st\u00e4dtischen Kindergartens W\u00fcrzberg \u201eZur Wichtelburg\u201c. Zum 1. Mal fand der Laternenumzug unter dem Motto \u201eW\u00fcrzberg in Lichtern\u201c statt. Die Kinder hatten im Vorfeld flei\u00dfig aus Gl\u00e4sern kleine bunte Martinslichter gestaltet und hiermit alle W\u00fcrzberger zu Ihrem \u201eFest\u201c eingeladen. Die [&hellip;]<\/p>\n","protected":false},"author":1,"featured_media":0,"comment_status":"closed","ping_status":"closed","sticky":false,"template":"","format":"standard","meta":{"jetpack_post_was_ever_published":false,"_jetpack_newsletter_access":"","_jetpack_dont_email_post_to_subs":false,"_jetpack_newsletter_tier_id":0,"_jetpack_memberships_contains_paywalled_content":false,"_jetpack_memberships_contains_paid_content":false,"footnotes":"","jetpack_publicize_message":"W\u00fcrzberg in Lichtern - Martinsumzug des Kindergartens \u201eZur Wichtelburg\"\n#w\u00fcrzberg #michelstadt","jetpack_publicize_feature_enabled":true,"jetpack_social_post_already_shared":true,"jetpack_social_options":{"image_generator_settings":{"template":"highway","default_image_id":0,"font":"","enabled":false},"version":2}},"categories":[1,27,39],"tags":[],"class_list":["post-4197","post","type-post","status-publish","format-standard","hentry","category-allgemein","category-archiv","category-kindergarten"],"jetpack_publicize_connections":[],"jetpack_featured_media_url":"","jetpack_shortlink":"https:\/\/wp.me\/p71HmM-15H","jetpack_sharing_enabled":true,"publishpress_future_action":{"enabled":false,"date":"2026-05-07 05:15:01","action":"category-add","newStatus":"draft","terms":[],"taxonomy":"category","extraData":[]},"publishpress_future_workflow_manual_trigger":{"enabledWorkflows":[]},"_links":{"self":[{"href":"https:\/\/www.wuerzberg.info\/index.php?rest_route=\/wp\/v2\/posts\/4197","targetHints":{"allow":["GET"]}}],"collection":[{"href":"https:\/\/www.wuerzberg.info\/index.php?rest_route=\/wp\/v2\/posts"}],"about":[{"href":"https:\/\/www.wuerzberg.info\/index.php?rest_route=\/wp\/v2\/types\/post"}],"author":[{"embeddable":true,"href":"https:\/\/www.wuerzberg.info\/index.php?rest_route=\/wp\/v2\/users\/1"}],"replies":[{"embeddable":true,"href":"https:\/\/www.wuerzberg.info\/index.php?rest_route=%2Fwp%2Fv2%2Fcomments&post=4197"}],"version-history":[{"count":4,"href":"https:\/\/www.wuerzberg.info\/index.php?rest_route=\/wp\/v2\/posts\/4197\/revisions"}],"predecessor-version":[{"id":4268,"href":"https:\/\/www.wuerzberg.info\/index.php?rest_route=\/wp\/v2\/posts\/4197\/revisions\/4268"}],"wp:attachment":[{"href":"https:\/\/www.wuerzberg.info\/index.php?rest_route=%2Fwp%2Fv2%2Fmedia&parent=4197"}],"wp:term":[{"taxonomy":"category","embeddable":true,"href":"https:\/\/www.wuerzberg.info\/index.php?rest_route=%2Fwp%2Fv2%2Fcategories&post=4197"},{"taxonomy":"post_tag","embeddable":true,"href":"https:\/\/www.wuerzberg.info\/index.php?rest_route=%2Fwp%2Fv2%2Ftags&post=4197"}],"curies":[{"name":"wp","href":"https:\/\/api.w.org\/{rel}","templated":true}]}}