{"id":4277,"date":"2021-12-01T22:00:55","date_gmt":"2021-12-01T21:00:55","guid":{"rendered":"https:\/\/www.wuerzberg.info\/?p=4277"},"modified":"2022-04-01T08:31:31","modified_gmt":"2022-04-01T06:31:31","slug":"fsj-kraft-fuer-den-wuerzberger-kindergarten-und-erzieher-w-m-d-fuer-die-kita-in-weiten-gesaess-gesucht","status":"publish","type":"post","link":"https:\/\/www.wuerzberg.info\/?p=4277","title":{"rendered":"FSJ-Kraft f\u00fcr den W\u00fcrzberger Kindergarten und Erzieher (w\/m\/d) f\u00fcr die KiTa in Weiten-Ges\u00e4\u00df gesucht"},"content":{"rendered":"\n<p class=\"has-light-green-cyan-background-color has-background\">! <strong>Dieser Beitrag darf gerne geteilt werden \u2013 vielleicht kennt jemand jemanden, der&nbsp;jemanden kennt\u2026.<\/strong> !<\/p>\n\n\n\n<p>Aktuelle Stellenangebote der Stadt Michelstadt:<\/p>\n\n\n\n<p><a href=\"https:\/\/www.michelstadt.de\/rathaus\/stadtverwaltung\/stellenangebote\/\">https:\/\/www.michelstadt.de\/rathaus\/stadtverwaltung\/stellenangebote\/<\/a><\/p>\n\n\n\n<p class=\"has-black-color has-luminous-vivid-amber-background-color has-text-color has-background\"><strong>Unser W\u00fcrzberger Kindergarten \u201eZur Wichtelburg\u201c sucht eine FSJ-Kraft (Freiwillige Soziale Jahr). Weitere Informationen und die Bewerbungsm\u00f6glichkeiten sind auf den Seiten der &#8222;Freiwilligendienste des DRK Odenwaldkreis&#8220; zu finden: <a rel=\"noreferrer noopener\" href=\"https:\/\/freiwilligendienste.drk-odenwaldkreis.de\/\" target=\"_blank\">https:\/\/freiwilligendienste.drk-odenwaldkreis.de<\/a><\/strong><\/p>\n\n\n\n<blockquote class=\"wp-block-quote is-layout-flow wp-block-quote-is-layout-flow\"><p>Der st\u00e4dtische Kindergarten in W\u00fcrzberg besteht seit Juli 1983 und ist in einem ehemaligen Schulhaus untergebracht.<br>Wir verf\u00fcgen \u00fcber helle, gro\u00dfz\u00fcgige R\u00e4ume mit den Bereichen: Bauen, Malen, Gestalten, Experimentieren, Spielen und Puzzeln, gem\u00fctlicher B\u00fccherecke, Rollenspielbereich mit Spielk\u00fcche, Bewegungsbereich und einem Essbereich mit offener Fr\u00fchst\u00fcckzeit von 7.30 Uhr \u2013 10.00 Uhr mit p\u00e4dagogischer Begleitung.<\/p><p>Unmittelbar hinter dem Kindergarten befindet sich der weitr\u00e4umige Spielplatz mit Spielschiff, Sandanlage, Weidenh\u00fctte und Weidentunnel, Kr\u00e4uter-Hochbeet, Buddelplatz, einer gro\u00dfen H\u00e4ngematte, zwei Schaukeln und einem Werkstatt-Raum. Im Sommer bieten wir das Fr\u00fchst\u00fcck und Mittagessen gerne drau\u00dfen an.<\/p><cite><a href=\"https:\/\/www.michelstadt.de\/leben-wohnen\/kindergaerten\/wuerzberg-kiga-zur-wichtelburg\/\" target=\"_blank\" rel=\"noreferrer noopener\">https:\/\/www.michelstadt.de\/leben-wohnen\/kindergaerten\/wuerzberg-kiga-zur-wichtelburg\/<\/a><\/cite><\/blockquote>\n\n\n\n<div class=\"wp-block-columns is-layout-flex wp-container-core-columns-is-layout-9d6595d7 wp-block-columns-is-layout-flex\">\n<div class=\"wp-block-column is-layout-flow wp-block-column-is-layout-flow\">\n<h2 class=\"wp-block-heading\">FSJ-Kraft W\u00fcrzberger Kindergarten <\/h2>\n\n\n\n<figure class=\"wp-block-image size-large\"><a href=\"https:\/\/freiwilligendienste.drk-odenwaldkreis.de\/\" target=\"_blank\" rel=\"noopener\"><img data-recalc-dims=\"1\" loading=\"lazy\" decoding=\"async\" width=\"625\" height=\"884\" data-attachment-id=\"4059\" data-permalink=\"https:\/\/www.wuerzberg.info\/?attachment_id=4059\" data-orig-file=\"https:\/\/i0.wp.com\/www.wuerzberg.info\/wp-content\/uploads\/2021\/08\/20210803_Kampagne_FSJ.png?fit=1654%2C2340&amp;ssl=1\" data-orig-size=\"1654,2340\" data-comments-opened=\"0\" data-image-meta=\"{&quot;aperture&quot;:&quot;0&quot;,&quot;credit&quot;:&quot;&quot;,&quot;camera&quot;:&quot;&quot;,&quot;caption&quot;:&quot;&quot;,&quot;created_timestamp&quot;:&quot;0&quot;,&quot;copyright&quot;:&quot;&quot;,&quot;focal_length&quot;:&quot;0&quot;,&quot;iso&quot;:&quot;0&quot;,&quot;shutter_speed&quot;:&quot;0&quot;,&quot;title&quot;:&quot;&quot;,&quot;orientation&quot;:&quot;0&quot;}\" data-image-title=\"20210803_Kampagne_FSJ\" data-image-description=\"\" data-image-caption=\"\" data-large-file=\"https:\/\/i0.wp.com\/www.wuerzberg.info\/wp-content\/uploads\/2021\/08\/20210803_Kampagne_FSJ.png?fit=625%2C884&amp;ssl=1\" src=\"https:\/\/i0.wp.com\/www.wuerzberg.info\/wp-content\/uploads\/2021\/08\/20210803_Kampagne_FSJ.png?resize=625%2C884&#038;ssl=1\" alt=\"\" class=\"wp-image-4059\" srcset=\"https:\/\/i0.wp.com\/www.wuerzberg.info\/wp-content\/uploads\/2021\/08\/20210803_Kampagne_FSJ.png?resize=724%2C1024&amp;ssl=1 724w, https:\/\/i0.wp.com\/www.wuerzberg.info\/wp-content\/uploads\/2021\/08\/20210803_Kampagne_FSJ.png?resize=212%2C300&amp;ssl=1 212w, https:\/\/i0.wp.com\/www.wuerzberg.info\/wp-content\/uploads\/2021\/08\/20210803_Kampagne_FSJ.png?resize=768%2C1087&amp;ssl=1 768w, https:\/\/i0.wp.com\/www.wuerzberg.info\/wp-content\/uploads\/2021\/08\/20210803_Kampagne_FSJ.png?resize=1086%2C1536&amp;ssl=1 1086w, https:\/\/i0.wp.com\/www.wuerzberg.info\/wp-content\/uploads\/2021\/08\/20210803_Kampagne_FSJ.png?resize=1448%2C2048&amp;ssl=1 1448w, https:\/\/i0.wp.com\/www.wuerzberg.info\/wp-content\/uploads\/2021\/08\/20210803_Kampagne_FSJ.png?resize=141%2C200&amp;ssl=1 141w, https:\/\/i0.wp.com\/www.wuerzberg.info\/wp-content\/uploads\/2021\/08\/20210803_Kampagne_FSJ.png?w=1654&amp;ssl=1 1654w, https:\/\/i0.wp.com\/www.wuerzberg.info\/wp-content\/uploads\/2021\/08\/20210803_Kampagne_FSJ.png?w=1250&amp;ssl=1 1250w\" sizes=\"auto, (max-width: 625px) 100vw, 625px\" \/><\/a><\/figure>\n<\/div>\n\n\n\n<div class=\"wp-block-column is-layout-flow wp-block-column-is-layout-flow\">\n<h2 class=\"wp-block-heading\">Erzieher (w\/m\/d) f\u00fcr die KiTa \u201eKindergarten im Schulhaus\u201c im Stadtteil Weiten-Ges\u00e4\u00df<\/h2>\n\n\n\n<figure class=\"wp-block-image size-large\"><a href=\"https:\/\/www.michelstadt.de\/fileadmin\/DAM_Michelstadt\/Rathaus\/Stellenausschreibung\/2021-11-29_AusschreibungKindergartenWeitenGesaess2021-3-.pdf\" target=\"_blank\" rel=\"noopener\"><img data-recalc-dims=\"1\" loading=\"lazy\" decoding=\"async\" width=\"625\" height=\"878\" data-attachment-id=\"4279\" data-permalink=\"https:\/\/www.wuerzberg.info\/?attachment_id=4279\" data-orig-file=\"https:\/\/i0.wp.com\/www.wuerzberg.info\/wp-content\/uploads\/2021\/12\/20211129_AusschreibungKindergartenWeitenGesaess.png?fit=1422%2C1998&amp;ssl=1\" data-orig-size=\"1422,1998\" data-comments-opened=\"0\" data-image-meta=\"{&quot;aperture&quot;:&quot;0&quot;,&quot;credit&quot;:&quot;&quot;,&quot;camera&quot;:&quot;&quot;,&quot;caption&quot;:&quot;&quot;,&quot;created_timestamp&quot;:&quot;0&quot;,&quot;copyright&quot;:&quot;&quot;,&quot;focal_length&quot;:&quot;0&quot;,&quot;iso&quot;:&quot;0&quot;,&quot;shutter_speed&quot;:&quot;0&quot;,&quot;title&quot;:&quot;&quot;,&quot;orientation&quot;:&quot;0&quot;}\" data-image-title=\"20211129_AusschreibungKindergartenWeitenGesaess\" data-image-description=\"\" data-image-caption=\"\" data-large-file=\"https:\/\/i0.wp.com\/www.wuerzberg.info\/wp-content\/uploads\/2021\/12\/20211129_AusschreibungKindergartenWeitenGesaess.png?fit=625%2C878&amp;ssl=1\" src=\"https:\/\/i0.wp.com\/www.wuerzberg.info\/wp-content\/uploads\/2021\/12\/20211129_AusschreibungKindergartenWeitenGesaess.png?resize=625%2C878&#038;ssl=1\" alt=\"\" class=\"wp-image-4279\" srcset=\"https:\/\/i0.wp.com\/www.wuerzberg.info\/wp-content\/uploads\/2021\/12\/20211129_AusschreibungKindergartenWeitenGesaess.png?resize=729%2C1024&amp;ssl=1 729w, https:\/\/i0.wp.com\/www.wuerzberg.info\/wp-content\/uploads\/2021\/12\/20211129_AusschreibungKindergartenWeitenGesaess.png?resize=214%2C300&amp;ssl=1 214w, https:\/\/i0.wp.com\/www.wuerzberg.info\/wp-content\/uploads\/2021\/12\/20211129_AusschreibungKindergartenWeitenGesaess.png?resize=768%2C1079&amp;ssl=1 768w, https:\/\/i0.wp.com\/www.wuerzberg.info\/wp-content\/uploads\/2021\/12\/20211129_AusschreibungKindergartenWeitenGesaess.png?resize=1093%2C1536&amp;ssl=1 1093w, https:\/\/i0.wp.com\/www.wuerzberg.info\/wp-content\/uploads\/2021\/12\/20211129_AusschreibungKindergartenWeitenGesaess.png?resize=142%2C200&amp;ssl=1 142w, https:\/\/i0.wp.com\/www.wuerzberg.info\/wp-content\/uploads\/2021\/12\/20211129_AusschreibungKindergartenWeitenGesaess.png?w=1422&amp;ssl=1 1422w, https:\/\/i0.wp.com\/www.wuerzberg.info\/wp-content\/uploads\/2021\/12\/20211129_AusschreibungKindergartenWeitenGesaess.png?w=1250&amp;ssl=1 1250w\" sizes=\"auto, (max-width: 625px) 100vw, 625px\" \/><\/a><\/figure>\n<\/div>\n<\/div>\n","protected":false},"excerpt":{"rendered":"<p>! Dieser Beitrag darf gerne geteilt werden \u2013 vielleicht kennt jemand jemanden, der&nbsp;jemanden kennt\u2026. ! Aktuelle Stellenangebote der Stadt Michelstadt: https:\/\/www.michelstadt.de\/rathaus\/stadtverwaltung\/stellenangebote\/ Unser W\u00fcrzberger Kindergarten \u201eZur Wichtelburg\u201c sucht eine FSJ-Kraft (Freiwillige Soziale Jahr). Weitere Informationen und die Bewerbungsm\u00f6glichkeiten sind auf den Seiten der &#8222;Freiwilligendienste des DRK Odenwaldkreis&#8220; zu finden: https:\/\/freiwilligendienste.drk-odenwaldkreis.de Der st\u00e4dtische Kindergarten in W\u00fcrzberg besteht [&hellip;]<\/p>\n","protected":false},"author":1,"featured_media":0,"comment_status":"closed","ping_status":"closed","sticky":false,"template":"","format":"standard","meta":{"jetpack_post_was_ever_published":false,"_jetpack_newsletter_access":"","_jetpack_dont_email_post_to_subs":false,"_jetpack_newsletter_tier_id":0,"_jetpack_memberships_contains_paywalled_content":false,"_jetpack_memberships_contains_paid_content":false,"footnotes":"","jetpack_publicize_message":"FSJ-Kraft f\u00fcr den W\u00fcrzberger Kindergarten und Erzieher (w\/m\/d) f\u00fcr die KiTa in Weiten-Ges\u00e4\u00df gesucht\n\n#michelstadt #w\u00fcrzberg #weitenges\u00e4\u00df","jetpack_publicize_feature_enabled":true,"jetpack_social_post_already_shared":true,"jetpack_social_options":{"image_generator_settings":{"template":"highway","default_image_id":0,"font":"","enabled":false},"version":2}},"categories":[1,27,12,13],"tags":[],"class_list":["post-4277","post","type-post","status-publish","format-standard","hentry","category-allgemein","category-archiv","category-michelstadt","category-ortsbeirat"],"jetpack_publicize_connections":[],"jetpack_featured_media_url":"","jetpack_shortlink":"https:\/\/wp.me\/p71HmM-16Z","jetpack_sharing_enabled":true,"publishpress_future_action":{"enabled":false,"date":"2026-05-07 20:28:13","action":"category-add","newStatus":"draft","terms":[],"taxonomy":"category","extraData":[]},"publishpress_future_workflow_manual_trigger":{"enabledWorkflows":[]},"_links":{"self":[{"href":"https:\/\/www.wuerzberg.info\/index.php?rest_route=\/wp\/v2\/posts\/4277","targetHints":{"allow":["GET"]}}],"collection":[{"href":"https:\/\/www.wuerzberg.info\/index.php?rest_route=\/wp\/v2\/posts"}],"about":[{"href":"https:\/\/www.wuerzberg.info\/index.php?rest_route=\/wp\/v2\/types\/post"}],"author":[{"embeddable":true,"href":"https:\/\/www.wuerzberg.info\/index.php?rest_route=\/wp\/v2\/users\/1"}],"replies":[{"embeddable":true,"href":"https:\/\/www.wuerzberg.info\/index.php?rest_route=%2Fwp%2Fv2%2Fcomments&post=4277"}],"version-history":[{"count":3,"href":"https:\/\/www.wuerzberg.info\/index.php?rest_route=\/wp\/v2\/posts\/4277\/revisions"}],"predecessor-version":[{"id":4281,"href":"https:\/\/www.wuerzberg.info\/index.php?rest_route=\/wp\/v2\/posts\/4277\/revisions\/4281"}],"wp:attachment":[{"href":"https:\/\/www.wuerzberg.info\/index.php?rest_route=%2Fwp%2Fv2%2Fmedia&parent=4277"}],"wp:term":[{"taxonomy":"category","embeddable":true,"href":"https:\/\/www.wuerzberg.info\/index.php?rest_route=%2Fwp%2Fv2%2Fcategories&post=4277"},{"taxonomy":"post_tag","embeddable":true,"href":"https:\/\/www.wuerzberg.info\/index.php?rest_route=%2Fwp%2Fv2%2Ftags&post=4277"}],"curies":[{"name":"wp","href":"https:\/\/api.w.org\/{rel}","templated":true}]}}