{"id":5182,"date":"2022-10-03T20:25:00","date_gmt":"2022-10-03T18:25:00","guid":{"rendered":"https:\/\/www.wuerzberg.info\/?p=5182"},"modified":"2022-10-16T22:19:57","modified_gmt":"2022-10-16T20:19:57","slug":"sendeschluss-in-wuerzberg-kabarettist-gerd-kannegieser","status":"publish","type":"post","link":"https:\/\/www.wuerzberg.info\/?p=5182","title":{"rendered":"&#8222;Sendeschluss&#8220; in W\u00fcrzberg  &#8211; Kabarettist Gerd Kannegieser"},"content":{"rendered":"\n<p>Der <strong>Kabarettist Gerd Kannegieser<\/strong> ist am 15.10.2022 wieder in W\u00fcrzberg! <a rel=\"noreferrer noopener\" href=\"http:\/\/www.wuerzberg.info\/wp-content\/uploads\/2018\/10\/2018_Kochkaesabend.pdf\" target=\"_blank\"><\/a><\/p>\n\n\n\n<p>Dass Odenw\u00e4lder und Pf\u00e4lzer eine gewisse Seelenverwandtschaft haben, zeigt sich nicht nur am \u00e4hnlichen Dialekt und an den jeweils lokalen Essenvorlieben, sondern auch am tiefsinnigen Humor der in beiden Regionen gepflegt wird. Aus diesen Gr\u00fcnden ist der <strong>Kultur- und Heimatverein W\u00fcrzberg<\/strong> sehr froh, dass es ihm wieder gelungen ist, den <strong>Pf\u00e4lzer Kabarettisten Gerd Kannegieser<\/strong> f\u00fcr einen Auftritt in W\u00fcrzberg zu gewinnen. <\/p>\n\n\n\n<p>Mit <strong>\u201eSendeschluss\u201c<\/strong>, seinem 20. abendf\u00fcllenden Programm, ist der bekannte Kabarettist unterwegs als der mehr oder weniger nette Mann von nebenan, der sich mit seinen Themen so unmittelbar konfrontiert sieht, dass er zugleich liebensw\u00fcrdig und b\u00f6sartig, hilfsbed\u00fcrftig und giftig wirkt.<\/p>\n\n\n\n<p>Seit mehr als 30 Jahren kann man ihn hautnah erleben &#8211; und man muss ihn auch direkt erleben. Urkomisch und hemds\u00e4rmelig bleibt er allemal und das Publikum ist immer aufgefordert in Dialog mit dem Kabarettisten zu treten. Dies und seine Spontanit\u00e4t werden f\u00fcr manche \u00fcberraschende Wendung sorgen, jede seiner Veranstaltungen verl\u00e4uft anders.<\/p>\n\n\n\n<p>Mit <strong>\u201eSendeschluss\u201c<\/strong> kommt also einiges auf das Publikum zu!<\/p>\n\n\n\n<p>Die Veranstaltung ist am: <\/p>\n\n\n\n<ul class=\"wp-block-list\"><li><strong>Samstag, 15.10.2022 ab 20:00 Uhr<\/strong> <\/li><li>im <strong>Dorfgemeinschaftshaus in W\u00fcrzberg<\/strong> <\/li><li>Einlass ab 19:30 Uhr<\/li><li>Kartenpreis 9,00 \u20ac<\/li><\/ul>\n\n\n\n<p>Die Karten hierf\u00fcr gibt es ab 17.09.2022 im <strong>Vorverkauf beim Friseur Weyrauch (Carmen) und der Odenw\u00e4lder Cafestube<\/strong> in W\u00fcrzberg oder unter der Mail: <a rel=\"noreferrer noopener\" href=\"mailto:kannegieser@wuerzberg.info\" target=\"_blank\">kannegieser@wuerzberg.info<\/a> (Bitte Best\u00e4tigung abwarten!).<\/p>\n\n\n\n<p>Veranstalter ist der Kultur- und Heimatverein W\u00fcrzberg e. V.<\/p>\n\n\n\n<figure class=\"wp-block-image size-large is-style-default\"><img data-recalc-dims=\"1\" loading=\"lazy\" decoding=\"async\" width=\"625\" height=\"690\" data-attachment-id=\"5188\" data-permalink=\"https:\/\/www.wuerzberg.info\/?attachment_id=5188\" data-orig-file=\"https:\/\/i0.wp.com\/www.wuerzberg.info\/wp-content\/uploads\/2022\/09\/2022_Sendeschluss_Kannegieser-scaled.jpg?fit=2317%2C2560&amp;ssl=1\" data-orig-size=\"2317,2560\" data-comments-opened=\"0\" data-image-meta=\"{&quot;aperture&quot;:&quot;0&quot;,&quot;credit&quot;:&quot;&quot;,&quot;camera&quot;:&quot;&quot;,&quot;caption&quot;:&quot;&quot;,&quot;created_timestamp&quot;:&quot;1662631484&quot;,&quot;copyright&quot;:&quot;&quot;,&quot;focal_length&quot;:&quot;0&quot;,&quot;iso&quot;:&quot;0&quot;,&quot;shutter_speed&quot;:&quot;0&quot;,&quot;title&quot;:&quot;&quot;,&quot;orientation&quot;:&quot;1&quot;}\" data-image-title=\"2022_Sendeschluss_Kannegieser\" data-image-description=\"\" data-image-caption=\"\" data-large-file=\"https:\/\/i0.wp.com\/www.wuerzberg.info\/wp-content\/uploads\/2022\/09\/2022_Sendeschluss_Kannegieser-scaled.jpg?fit=625%2C690&amp;ssl=1\" src=\"https:\/\/i0.wp.com\/www.wuerzberg.info\/wp-content\/uploads\/2022\/09\/2022_Sendeschluss_Kannegieser.jpg?resize=625%2C690&#038;ssl=1\" alt=\"\" class=\"wp-image-5188\" srcset=\"https:\/\/i0.wp.com\/www.wuerzberg.info\/wp-content\/uploads\/2022\/09\/2022_Sendeschluss_Kannegieser-scaled.jpg?resize=927%2C1024&amp;ssl=1 927w, https:\/\/i0.wp.com\/www.wuerzberg.info\/wp-content\/uploads\/2022\/09\/2022_Sendeschluss_Kannegieser-scaled.jpg?resize=271%2C300&amp;ssl=1 271w, https:\/\/i0.wp.com\/www.wuerzberg.info\/wp-content\/uploads\/2022\/09\/2022_Sendeschluss_Kannegieser-scaled.jpg?resize=768%2C849&amp;ssl=1 768w, https:\/\/i0.wp.com\/www.wuerzberg.info\/wp-content\/uploads\/2022\/09\/2022_Sendeschluss_Kannegieser-scaled.jpg?resize=1390%2C1536&amp;ssl=1 1390w, https:\/\/i0.wp.com\/www.wuerzberg.info\/wp-content\/uploads\/2022\/09\/2022_Sendeschluss_Kannegieser-scaled.jpg?resize=1853%2C2048&amp;ssl=1 1853w, https:\/\/i0.wp.com\/www.wuerzberg.info\/wp-content\/uploads\/2022\/09\/2022_Sendeschluss_Kannegieser-scaled.jpg?resize=181%2C200&amp;ssl=1 181w, https:\/\/i0.wp.com\/www.wuerzberg.info\/wp-content\/uploads\/2022\/09\/2022_Sendeschluss_Kannegieser-scaled.jpg?w=1250&amp;ssl=1 1250w\" sizes=\"auto, (max-width: 625px) 100vw, 625px\" \/><\/figure>\n","protected":false},"excerpt":{"rendered":"<p>Der Kabarettist Gerd Kannegieser ist am 15.10.2022 wieder in W\u00fcrzberg! Dass Odenw\u00e4lder und Pf\u00e4lzer eine gewisse Seelenverwandtschaft haben, zeigt sich nicht nur am \u00e4hnlichen Dialekt und an den jeweils lokalen Essenvorlieben, sondern auch am tiefsinnigen Humor der in beiden Regionen gepflegt wird. Aus diesen Gr\u00fcnden ist der Kultur- und Heimatverein W\u00fcrzberg sehr froh, dass es [&hellip;]<\/p>\n","protected":false},"author":1,"featured_media":0,"comment_status":"closed","ping_status":"closed","sticky":false,"template":"","format":"standard","meta":{"jetpack_post_was_ever_published":false,"_jetpack_newsletter_access":"","_jetpack_dont_email_post_to_subs":false,"_jetpack_newsletter_tier_id":0,"_jetpack_memberships_contains_paywalled_content":false,"_jetpack_memberships_contains_paid_content":false,"footnotes":"","jetpack_publicize_message":"\"Sendeschluss\" am Sa. 15.10.2022 in W\u00fcrzberg  - Kabarettist Gerd Kannegieser\n#Michelstadt","jetpack_publicize_feature_enabled":true,"jetpack_social_post_already_shared":true,"jetpack_social_options":{"image_generator_settings":{"template":"highway","default_image_id":0,"font":"","enabled":false},"version":2}},"categories":[1,27,10],"tags":[],"class_list":["post-5182","post","type-post","status-publish","format-standard","hentry","category-allgemein","category-archiv","category-kultur-und-heimatverein"],"jetpack_publicize_connections":[],"jetpack_featured_media_url":"","jetpack_shortlink":"https:\/\/wp.me\/p71HmM-1lA","jetpack_sharing_enabled":true,"publishpress_future_action":{"enabled":false,"date":"2026-05-07 15:33:42","action":"category-add","newStatus":"draft","terms":[],"taxonomy":"category","extraData":[]},"publishpress_future_workflow_manual_trigger":{"enabledWorkflows":[]},"_links":{"self":[{"href":"https:\/\/www.wuerzberg.info\/index.php?rest_route=\/wp\/v2\/posts\/5182","targetHints":{"allow":["GET"]}}],"collection":[{"href":"https:\/\/www.wuerzberg.info\/index.php?rest_route=\/wp\/v2\/posts"}],"about":[{"href":"https:\/\/www.wuerzberg.info\/index.php?rest_route=\/wp\/v2\/types\/post"}],"author":[{"embeddable":true,"href":"https:\/\/www.wuerzberg.info\/index.php?rest_route=\/wp\/v2\/users\/1"}],"replies":[{"embeddable":true,"href":"https:\/\/www.wuerzberg.info\/index.php?rest_route=%2Fwp%2Fv2%2Fcomments&post=5182"}],"version-history":[{"count":14,"href":"https:\/\/www.wuerzberg.info\/index.php?rest_route=\/wp\/v2\/posts\/5182\/revisions"}],"predecessor-version":[{"id":5198,"href":"https:\/\/www.wuerzberg.info\/index.php?rest_route=\/wp\/v2\/posts\/5182\/revisions\/5198"}],"wp:attachment":[{"href":"https:\/\/www.wuerzberg.info\/index.php?rest_route=%2Fwp%2Fv2%2Fmedia&parent=5182"}],"wp:term":[{"taxonomy":"category","embeddable":true,"href":"https:\/\/www.wuerzberg.info\/index.php?rest_route=%2Fwp%2Fv2%2Fcategories&post=5182"},{"taxonomy":"post_tag","embeddable":true,"href":"https:\/\/www.wuerzberg.info\/index.php?rest_route=%2Fwp%2Fv2%2Ftags&post=5182"}],"curies":[{"name":"wp","href":"https:\/\/api.w.org\/{rel}","templated":true}]}}