{"id":5199,"date":"2022-09-14T16:32:11","date_gmt":"2022-09-14T14:32:11","guid":{"rendered":"https:\/\/www.wuerzberg.info\/?p=5199"},"modified":"2022-09-27T06:51:09","modified_gmt":"2022-09-27T04:51:09","slug":"iwwerzwaeisch-und-kultur-und-heimatverein-wuerzberg-spenden-an-den-foerderverein-notfallseelsorge-und-krisenintervention-im-odenwaldkreis-e-v","status":"publish","type":"post","link":"https:\/\/www.wuerzberg.info\/?p=5199","title":{"rendered":"&#8222;Iwwerzw\u00e4isch&#8220; und &#8222;Kultur- und Heimatverein W\u00fcrzberg&#8220; spenden an den F\u00f6rderverein Notfallseelsorge und Krisenintervention im Odenwaldkreis e. V."},"content":{"rendered":"\n<p><strong>Ein Unfall, ein pl\u00f6tzlicher Tod, ein schlimmer Notfall \u2013 da braucht es nicht nur Polizei, Rettungsdienst und Feuerwehr. <span style=\"text-decoration: underline;\">Das Team der Notfallseelsorge und Krisenintervention steht den Betroffenen bei. Rund um die Uhr.<\/span><\/strong><\/p>\n\n\n\n<p><strong>Dies m\u00f6chten die W\u00fcrzberger Theatergruppe <span style=\"text-decoration: underline;\">&#8222;Iwwerzw\u00e4isch&#8220;<\/span> und der <span style=\"text-decoration: underline;\">&#8222;Kultur- und Heimatverein W\u00fcrzberg e. V.&#8220;<\/span> (KuH) mit 2000 \u20ac finanziell f\u00f6rdern und diese ehrenamtliche T\u00e4tigkeit w\u00fcrdigen. <\/strong><\/p>\n\n\n\n<figure class=\"wp-block-image size-large\"><img data-recalc-dims=\"1\" loading=\"lazy\" decoding=\"async\" width=\"625\" height=\"320\" data-attachment-id=\"5201\" data-permalink=\"https:\/\/www.wuerzberg.info\/?attachment_id=5201\" data-orig-file=\"https:\/\/i0.wp.com\/www.wuerzberg.info\/wp-content\/uploads\/2022\/09\/2022_SpendeTheater.jpg?fit=1997%2C1023&amp;ssl=1\" data-orig-size=\"1997,1023\" data-comments-opened=\"0\" data-image-meta=\"{&quot;aperture&quot;:&quot;1.6&quot;,&quot;credit&quot;:&quot;&quot;,&quot;camera&quot;:&quot;iPhone 12 Pro&quot;,&quot;caption&quot;:&quot;&quot;,&quot;created_timestamp&quot;:&quot;1663101242&quot;,&quot;copyright&quot;:&quot;&quot;,&quot;focal_length&quot;:&quot;4.2&quot;,&quot;iso&quot;:&quot;250&quot;,&quot;shutter_speed&quot;:&quot;0.02&quot;,&quot;title&quot;:&quot;&quot;,&quot;orientation&quot;:&quot;1&quot;}\" data-image-title=\"2022_SpendeTheater\" data-image-description=\"\" data-image-caption=\"\" data-large-file=\"https:\/\/i0.wp.com\/www.wuerzberg.info\/wp-content\/uploads\/2022\/09\/2022_SpendeTheater.jpg?fit=625%2C320&amp;ssl=1\" src=\"https:\/\/i0.wp.com\/www.wuerzberg.info\/wp-content\/uploads\/2022\/09\/2022_SpendeTheater.jpg?resize=625%2C320&#038;ssl=1\" alt=\"\" class=\"wp-image-5201\" srcset=\"https:\/\/i0.wp.com\/www.wuerzberg.info\/wp-content\/uploads\/2022\/09\/2022_SpendeTheater.jpg?resize=1024%2C525&amp;ssl=1 1024w, https:\/\/i0.wp.com\/www.wuerzberg.info\/wp-content\/uploads\/2022\/09\/2022_SpendeTheater.jpg?resize=300%2C154&amp;ssl=1 300w, https:\/\/i0.wp.com\/www.wuerzberg.info\/wp-content\/uploads\/2022\/09\/2022_SpendeTheater.jpg?resize=768%2C393&amp;ssl=1 768w, https:\/\/i0.wp.com\/www.wuerzberg.info\/wp-content\/uploads\/2022\/09\/2022_SpendeTheater.jpg?resize=1536%2C787&amp;ssl=1 1536w, https:\/\/i0.wp.com\/www.wuerzberg.info\/wp-content\/uploads\/2022\/09\/2022_SpendeTheater.jpg?resize=200%2C102&amp;ssl=1 200w, https:\/\/i0.wp.com\/www.wuerzberg.info\/wp-content\/uploads\/2022\/09\/2022_SpendeTheater.jpg?w=1997&amp;ssl=1 1997w, https:\/\/i0.wp.com\/www.wuerzberg.info\/wp-content\/uploads\/2022\/09\/2022_SpendeTheater.jpg?w=1250&amp;ssl=1 1250w, https:\/\/i0.wp.com\/www.wuerzberg.info\/wp-content\/uploads\/2022\/09\/2022_SpendeTheater.jpg?w=1875&amp;ssl=1 1875w\" sizes=\"auto, (max-width: 625px) 100vw, 625px\" \/><figcaption>V.l.n.r.: Annette Emig (Regie der Theatergruppe), Holger Wie\u00dfmann (Vorsitzender des F\u00f6rdervereins), Christiane Ruppert (stellv. Vorsitzende des F\u00f6rdervereins), Andreas Walther (Vorsitzender des Kultur- und Heimatverein und Theaterspieler)<\/figcaption><\/figure>\n\n\n\n<p>Diese Spende erfolgte aus den Einnahmen des diesj\u00e4hrigen Theaterst\u00fccks der Gruppe &#8222;Iwwerzw\u00e4isch&#8220; die vom Kultur- und Heimatverein unterst\u00fctzt wird. Der Verein (KuH) sieht seine Aufgaben in der kulturellen und sozialen Unterst\u00fctzungen, nicht nur in W\u00fcrzberg. So sorgen die Helfer des KuH, wenn Schnee liegt, f\u00fcr die Nutzbarkeit der Langlaufloipen, hat Hinweistafel zu den besondere Sehensw\u00fcrdigkeiten in W\u00fcrzberg montiert, hierzu z\u00e4hlen unter anderem das R\u00f6merbad, Gedenksteine und die Grenzbr\u00fccke nach Boxbrunn. Aber auch die Unterst\u00fctzung des W\u00fcrzberger Kindergartens ist immer eine Herzenssache. So wurden in Vergangenheit immer wieder Spielger\u00e4te angeschafft oder das mittlerweile traditionelle Nistk\u00e4stenbauen mit der &#8222;Grundschul-Gruppe&#8220; des Kindergartens durchgef\u00fchrt. Nach dem vorherigen Theaterst\u00fcck erfolgte eine Spende an die <a rel=\"noreferrer noopener\" href=\"https:\/\/www.wuerzberg.info\/?p=2733\" target=\"_blank\">HOSPIZ-Initiative Odenwald e.V<\/a>.<\/p>\n\n\n\n<p>Der <span style=\"text-decoration: underline;\">&#8222;F\u00f6rderverein Notfallseelsorge und Krisenintervention im Odenwaldkreis e. V.&#8220;<\/span> wurde 1999 gegr\u00fcndet und umfasst derzeit 61 Mitglieder, hierbei auch die Kommunen und verschiedene Organisationen. Die Aufgaben des F\u00f6rdervereins bestehen ausschlie\u00dflich in der finanziellen Unterst\u00fctzung der <span style=\"text-decoration: underline;\">Notfallseelsorge und Krisenintervention Odenwaldkreis<\/span> die vom DRK-Kreisverband Odenwaldkreis koordiniert wird. Bis zu diesem Jahr hatte das Dekanat Odenwald der Evangelischen Kirche in Hessen und Nassau (EKHN) die Koordinationsaufgaben \u00fcbernommen. <\/p>\n\n\n\n<p>Die j\u00e4hrlichen finanziellen Aufwendungen des F\u00f6rdervereins f\u00fcr die Arbeit der Notfallseelsorge und Krisenintervention betragen etwa 10.000 \u20ac, wobei hierbei rund 2\/3 aus Spenden und 1\/3 aus den Beitr\u00e4gen aufgebracht werden. Die Kosten entstehen haupts\u00e4chlich f\u00fcr die Ausbildungen der ehrenamtlichen Helfer der Notfallseelsorge. Im n\u00e4chsten Jahr kommt noch die Ausstattung der Aktiven mit neuer Dienstbekleidung hinzu. Die Spende \u00fcber 2000 \u20ac wird hier einen wichtigen Beitrag leisten.<\/p>\n\n\n\n<p>Ca. 30 Frauen und M\u00e4nner bilden den aktiven Teil der Notfallseelsorge und Krisenintervention und stehen bei durchschnittlich \u00fcber 60 Eins\u00e4tze j\u00e4hrlich Rund um die Uhr zur Verf\u00fcgung. In diesem Jahr zeichnet sich bereits eine deutlich h\u00f6here Zahl an Eins\u00e4tzen ab.<\/p>\n\n\n\n<p>Dem F\u00f6rderverein und den Aktiven der Notfallseelsorge und Krisenintervention wurde bereits die Einladung zur Generalprobe im n\u00e4chsten Jahr ausgesprochen. Mit dem heutigen Tag beginnt die Suche f\u00fcr das Theaterst\u00fcck 2023 innerhalb der &#8222;Iwwerzw\u00e4isch&#8220;-Theatergruppe und auch neuen Theaterspielern.<\/p>\n","protected":false},"excerpt":{"rendered":"<p>Ein Unfall, ein pl\u00f6tzlicher Tod, ein schlimmer Notfall \u2013 da braucht es nicht nur Polizei, Rettungsdienst und Feuerwehr. Das Team der Notfallseelsorge und Krisenintervention steht den Betroffenen bei. Rund um die Uhr. Dies m\u00f6chten die W\u00fcrzberger Theatergruppe &#8222;Iwwerzw\u00e4isch&#8220; und der &#8222;Kultur- und Heimatverein W\u00fcrzberg e. V.&#8220; (KuH) mit 2000 \u20ac finanziell f\u00f6rdern und diese ehrenamtliche [&hellip;]<\/p>\n","protected":false},"author":1,"featured_media":0,"comment_status":"closed","ping_status":"closed","sticky":false,"template":"","format":"standard","meta":{"jetpack_post_was_ever_published":false,"_jetpack_newsletter_access":"","_jetpack_dont_email_post_to_subs":false,"_jetpack_newsletter_tier_id":0,"_jetpack_memberships_contains_paywalled_content":false,"_jetpack_memberships_contains_paid_content":false,"footnotes":"","jetpack_publicize_message":"\"Iwwerzw\u00e4isch\" und \"Kultur- und Heimatverein #W\u00fcrzberg\" spenden an den F\u00f6rderverein Notfallseelsorge und Krisenintervention im Odenwaldkreis e. V.\n#w\u00fcrzberg #michelstadt #ehrenamt","jetpack_publicize_feature_enabled":true,"jetpack_social_post_already_shared":true,"jetpack_social_options":{"image_generator_settings":{"template":"highway","default_image_id":0,"font":"","enabled":false},"version":2}},"categories":[27,7,10],"tags":[],"class_list":["post-5199","post","type-post","status-publish","format-standard","hentry","category-archiv","category-iwwerzwaisch","category-kultur-und-heimatverein"],"jetpack_publicize_connections":[],"jetpack_featured_media_url":"","jetpack_shortlink":"https:\/\/wp.me\/p71HmM-1lR","jetpack_sharing_enabled":true,"publishpress_future_action":{"enabled":false,"date":"2026-05-09 11:12:15","action":"category-add","newStatus":"draft","terms":[],"taxonomy":"category","extraData":[]},"publishpress_future_workflow_manual_trigger":{"enabledWorkflows":[]},"_links":{"self":[{"href":"https:\/\/www.wuerzberg.info\/index.php?rest_route=\/wp\/v2\/posts\/5199","targetHints":{"allow":["GET"]}}],"collection":[{"href":"https:\/\/www.wuerzberg.info\/index.php?rest_route=\/wp\/v2\/posts"}],"about":[{"href":"https:\/\/www.wuerzberg.info\/index.php?rest_route=\/wp\/v2\/types\/post"}],"author":[{"embeddable":true,"href":"https:\/\/www.wuerzberg.info\/index.php?rest_route=\/wp\/v2\/users\/1"}],"replies":[{"embeddable":true,"href":"https:\/\/www.wuerzberg.info\/index.php?rest_route=%2Fwp%2Fv2%2Fcomments&post=5199"}],"version-history":[{"count":21,"href":"https:\/\/www.wuerzberg.info\/index.php?rest_route=\/wp\/v2\/posts\/5199\/revisions"}],"predecessor-version":[{"id":5231,"href":"https:\/\/www.wuerzberg.info\/index.php?rest_route=\/wp\/v2\/posts\/5199\/revisions\/5231"}],"wp:attachment":[{"href":"https:\/\/www.wuerzberg.info\/index.php?rest_route=%2Fwp%2Fv2%2Fmedia&parent=5199"}],"wp:term":[{"taxonomy":"category","embeddable":true,"href":"https:\/\/www.wuerzberg.info\/index.php?rest_route=%2Fwp%2Fv2%2Fcategories&post=5199"},{"taxonomy":"post_tag","embeddable":true,"href":"https:\/\/www.wuerzberg.info\/index.php?rest_route=%2Fwp%2Fv2%2Ftags&post=5199"}],"curies":[{"name":"wp","href":"https:\/\/api.w.org\/{rel}","templated":true}]}}