{"id":560,"date":"2014-06-20T13:32:56","date_gmt":"2014-06-20T11:32:56","guid":{"rendered":"http:\/\/www.wuerzberg.info\/?p=560"},"modified":"2016-03-07T15:03:42","modified_gmt":"2016-03-07T14:03:42","slug":"saengervereinigung-1887-wuerzberg-e-v-1-wuerzberger-openair-chor-festival-am-12-juli-2014","status":"publish","type":"post","link":"https:\/\/www.wuerzberg.info\/?p=560","title":{"rendered":"S\u00e4ngervereinigung 1887 W\u00fcrzberg e.V.: 1. W\u00fcrzberger OpenAir-CHOR-Festival am 12. Juli 2014"},"content":{"rendered":"<p>&nbsp;<\/p>\n<p>Wir w\u00fcrden uns sehr freuen, wenn Ihr zu unserem\u00a0\u00a0<strong><em>1. W\u00fcrzberger OpenAir-CHOR-Festival\u00a0\u00a0<\/em><\/strong>auf der Wiese hinterm Dorfgemeinschaftshaus (an der Hauptstra\u00dfe) kommt!<\/p>\n<p>Es gibt \u201eordentlich was auf die Ohren\u201c! Tolle Songs \u2013 nat\u00fcrlich auch zum Mitsingen \u2013 aus den letzten 40 Jahren.<\/p>\n<p>Und selbstverst\u00e4ndlich gute Stimmung, leckeres Essen, kalte Getr\u00e4nke und coole Cocktails.<\/p>\n<p>Fu\u00dfball-Fans k\u00f6nnen ab 21:30 Uhr das WM-Spiel um den 3. Platz auf einer Gro\u00dfbildleinwand verfolgen.<\/p>\n<p>Also: F\u00fcr jeden ist etwas dabei!<\/p>\n<p>Karten gibt\u2019s f\u00fcr 5 \u20ac im Vorverkauf und an der Abendkasse.<\/p>\n<p>Wenn das Wetter nicht so toll ist, findet das Ganze in unserem sch\u00f6nen Dorfgemeinschaftshaus statt.<\/p>\n<p>Wir freuen uns auf viele mitsingbegeisterte G\u00e4ste!<\/p>\n<p>Musikalische Gr\u00fc\u00dfe aus W\u00fcrzberg<br \/>\n<a href=\"https:\/\/i0.wp.com\/www.schusterxxl.de\/wordpress\/wuerzberg\/wp-content\/uploads\/2014\/06\/Flyer-OpenAir-CHOR-Festival.jpg\"><img data-recalc-dims=\"1\" loading=\"lazy\" decoding=\"async\" data-attachment-id=\"561\" data-permalink=\"https:\/\/www.wuerzberg.info\/?attachment_id=561\" data-orig-file=\"https:\/\/i0.wp.com\/www.wuerzberg.info\/wp-content\/uploads\/2014\/06\/Flyer-OpenAir-CHOR-Festival.jpg?fit=1700%2C2338&amp;ssl=1\" data-orig-size=\"1700,2338\" data-comments-opened=\"0\" data-image-meta=\"{&quot;aperture&quot;:&quot;0&quot;,&quot;credit&quot;:&quot;&quot;,&quot;camera&quot;:&quot;&quot;,&quot;caption&quot;:&quot;&quot;,&quot;created_timestamp&quot;:&quot;0&quot;,&quot;copyright&quot;:&quot;&quot;,&quot;focal_length&quot;:&quot;0&quot;,&quot;iso&quot;:&quot;0&quot;,&quot;shutter_speed&quot;:&quot;0&quot;,&quot;title&quot;:&quot;&quot;,&quot;orientation&quot;:&quot;0&quot;}\" data-image-title=\"Flyer OpenAir-CHOR-Festival\" data-image-description=\"\" data-image-caption=\"\" data-large-file=\"https:\/\/i0.wp.com\/www.wuerzberg.info\/wp-content\/uploads\/2014\/06\/Flyer-OpenAir-CHOR-Festival.jpg?fit=625%2C859&amp;ssl=1\" class=\"aligncenter wp-image-561 size-large\" src=\"https:\/\/i0.wp.com\/www.schusterxxl.de\/wordpress\/wuerzberg\/wp-content\/uploads\/2014\/06\/Flyer-OpenAir-CHOR-Festival-744x1024.jpg?resize=400%2C550\" alt=\"Flyer OpenAir-CHOR-Festival\" width=\"400\" height=\"550\" \/><\/a><\/p>\n","protected":false},"excerpt":{"rendered":"<p>&nbsp; Wir w\u00fcrden uns sehr freuen, wenn Ihr zu unserem\u00a0\u00a01. W\u00fcrzberger OpenAir-CHOR-Festival\u00a0\u00a0auf der Wiese hinterm Dorfgemeinschaftshaus (an der Hauptstra\u00dfe) kommt! Es gibt \u201eordentlich was auf die Ohren\u201c! Tolle Songs \u2013 nat\u00fcrlich auch zum Mitsingen \u2013 aus den letzten 40 Jahren. Und selbstverst\u00e4ndlich gute Stimmung, leckeres Essen, kalte Getr\u00e4nke und coole Cocktails. Fu\u00dfball-Fans k\u00f6nnen ab 21:30 [&hellip;]<\/p>\n","protected":false},"author":1,"featured_media":0,"comment_status":"closed","ping_status":"closed","sticky":false,"template":"","format":"standard","meta":{"jetpack_post_was_ever_published":false,"_jetpack_newsletter_access":"","_jetpack_dont_email_post_to_subs":false,"_jetpack_newsletter_tier_id":0,"_jetpack_memberships_contains_paywalled_content":false,"_jetpack_memberships_contains_paid_content":false,"footnotes":"","jetpack_publicize_message":"","jetpack_publicize_feature_enabled":true,"jetpack_social_post_already_shared":true,"jetpack_social_options":{"image_generator_settings":{"template":"highway","default_image_id":0,"font":"","enabled":false},"version":2}},"categories":[27,14],"tags":[],"class_list":["post-560","post","type-post","status-publish","format-standard","hentry","category-archiv","category-saengervereinigung"],"jetpack_publicize_connections":[],"jetpack_featured_media_url":"","jetpack_shortlink":"https:\/\/wp.me\/p71HmM-92","jetpack_sharing_enabled":true,"publishpress_future_action":{"enabled":false,"date":"2026-05-08 19:43:47","action":"category-add","newStatus":"draft","terms":[],"taxonomy":"category","extraData":[]},"publishpress_future_workflow_manual_trigger":{"enabledWorkflows":[]},"_links":{"self":[{"href":"https:\/\/www.wuerzberg.info\/index.php?rest_route=\/wp\/v2\/posts\/560","targetHints":{"allow":["GET"]}}],"collection":[{"href":"https:\/\/www.wuerzberg.info\/index.php?rest_route=\/wp\/v2\/posts"}],"about":[{"href":"https:\/\/www.wuerzberg.info\/index.php?rest_route=\/wp\/v2\/types\/post"}],"author":[{"embeddable":true,"href":"https:\/\/www.wuerzberg.info\/index.php?rest_route=\/wp\/v2\/users\/1"}],"replies":[{"embeddable":true,"href":"https:\/\/www.wuerzberg.info\/index.php?rest_route=%2Fwp%2Fv2%2Fcomments&post=560"}],"version-history":[{"count":1,"href":"https:\/\/www.wuerzberg.info\/index.php?rest_route=\/wp\/v2\/posts\/560\/revisions"}],"predecessor-version":[{"id":931,"href":"https:\/\/www.wuerzberg.info\/index.php?rest_route=\/wp\/v2\/posts\/560\/revisions\/931"}],"wp:attachment":[{"href":"https:\/\/www.wuerzberg.info\/index.php?rest_route=%2Fwp%2Fv2%2Fmedia&parent=560"}],"wp:term":[{"taxonomy":"category","embeddable":true,"href":"https:\/\/www.wuerzberg.info\/index.php?rest_route=%2Fwp%2Fv2%2Fcategories&post=560"},{"taxonomy":"post_tag","embeddable":true,"href":"https:\/\/www.wuerzberg.info\/index.php?rest_route=%2Fwp%2Fv2%2Ftags&post=560"}],"curies":[{"name":"wp","href":"https:\/\/api.w.org\/{rel}","templated":true}]}}