{"id":5797,"date":"2023-11-10T16:55:11","date_gmt":"2023-11-10T15:55:11","guid":{"rendered":"https:\/\/www.wuerzberg.info\/?p=5797"},"modified":"2025-01-04T16:31:14","modified_gmt":"2025-01-04T15:31:14","slug":"veranstaltungskalender-wuerzberg-2024","status":"publish","type":"post","link":"https:\/\/www.wuerzberg.info\/?p=5797","title":{"rendered":"Veranstaltungskalender W\u00fcrzberg 2024"},"content":{"rendered":"\n<p>Unsere W\u00fcrzberger Vereine haben aktuell folgende Veranstaltungen f\u00fcr 2024 in W\u00fcrzberg geplant.<br>Aktuelle Informationen werden wie gewohnt auf dieser Webseite und im dazugeh\u00f6rigen <a href=\"https:\/\/www.wuerzberg.info\/?page_id=801\" target=\"_blank\" rel=\"noreferrer noopener\">Kalender<\/a> ver\u00f6ffentlicht.<\/p>\n\n\n\n<p>Stand: 05.12.2023 &#8211; <strong>Generations\u00fcbergreifende KreativWerkstatt<\/strong> aufgenommen<\/p>\n\n\n\n<h2 class=\"wp-block-heading\" id=\"januar\">Januar<\/h2>\n\n\n\n<ul class=\"wp-block-list\">\n<li>Sa. 13.01.2024 <strong>Weihnachtsbaum Sammelaktion FFW W\u00fcrzberg<\/strong><\/li>\n\n\n\n<li>So. 21.01.2024 <strong>Jugendgardetreffen (Elferrat)<\/strong><\/li>\n\n\n\n<li>Sa. 27.01.2024 <strong>Jahreshauptversammlung VdK<\/strong><\/li>\n<\/ul>\n\n\n\n<h2 class=\"wp-block-heading\" id=\"februar\">Februar<\/h2>\n\n\n\n<ul class=\"wp-block-list\">\n<li>Do. 01.02.2024 <strong>Blutspende<\/strong> (DRK)<\/li>\n\n\n\n<li>Fr. 02.02.2024 <strong>Kappenabend <\/strong>(Sch\u00fctzenverein)<\/li>\n\n\n\n<li>Sa. 10.02.2024 <strong>Fastnachtssitzung <\/strong>(Landfrauen)<\/li>\n\n\n\n<li>Sa. 17.02.2024 <strong>Jahresabschlussfeier VdK<\/strong><\/li>\n\n\n\n<li>Fr. 23.02.2024 <strong>Generations\u00fcbergreifende KreativWerkstatt<\/strong> (ev. Kirche)<\/li>\n<\/ul>\n\n\n\n<h2 class=\"wp-block-heading\" id=\"marz\">M\u00e4rz<\/h2>\n\n\n\n<ul class=\"wp-block-list\">\n<li>Fr. 01.03.2024 <strong>Jahreshauptversammlung Feuerwehr W\u00fcrzberg<\/strong><\/li>\n\n\n\n<li>Fr. 08.03.2024 <strong>Jahreshauptversammlung Sch\u00fctzenverein<\/strong><\/li>\n\n\n\n<li>Fr. 15.03.2024 <strong>Jahreshauptversammlung Kultur- und Heimatverein<\/strong><\/li>\n\n\n\n<li>Do. 21.03.2024 <strong>Mitgliederversammlung DRK<\/strong><\/li>\n\n\n\n<li>Do. 28. \/ Fr. 29.03.2024 <strong>Ostereierschie\u00dfen<\/strong> (Sch\u00fctzenverein)<\/li>\n\n\n\n<li>Sa. 30.03.2024 <strong>Osterfeuer <\/strong>(Ev. Kirche \/ FFW)<\/li>\n<\/ul>\n\n\n\n<h2 class=\"wp-block-heading\" id=\"april\">April<\/h2>\n\n\n\n<ul class=\"wp-block-list\">\n<li>Do. 18.04.2024 <strong>Blutspende<\/strong> (DRK)<\/li>\n\n\n\n<li>Fr. 19. &#8211; So. 21.04.2024 <strong>Theater <\/strong>(Iwwerzw\u00e4isch)<\/li>\n\n\n\n<li>Fr. 26. + Sa. 27.04.2024 <strong>Theater <\/strong>(Iwwerzw\u00e4isch)<\/li>\n\n\n\n<li>Fr. 30.04.2024 <strong>Jahreshauptversammlung Landfrauen<\/strong><\/li>\n<\/ul>\n\n\n\n<h2 class=\"wp-block-heading\" id=\"mai\">Mai<\/h2>\n\n\n\n<ul class=\"wp-block-list\">\n<li>17.-26.05.2024 <strong>Bienenmarkt <\/strong>&#8211; Michelstadt<\/li>\n\n\n\n<li>Fr. 24.05.2024 <strong>Jahreshauptversammlung VfR<\/strong><\/li>\n\n\n\n<li>30.05. &#8211; So. 02.06.2024 <strong>Odenwald Country Fair<\/strong> &#8211; Eulbacher Park<\/li>\n<\/ul>\n\n\n\n<h2 class=\"wp-block-heading\" id=\"juni\">Juni<\/h2>\n\n\n\n<ul class=\"wp-block-list\">\n<li>So. 09.06.2024 <strong>Wahl zum 10. Europ\u00e4ischen Parlament<\/strong><\/li>\n\n\n\n<li>Fr. 14.06.2024 <strong>Generations\u00fcbergreifende KreativWerkstatt<\/strong> (ev. Kirche)<\/li>\n<\/ul>\n\n\n\n<h2 class=\"wp-block-heading\" id=\"juli\">Juli<\/h2>\n\n\n\n<ul class=\"wp-block-list\">\n<li>10.-14.07.2024 <strong>Sportwerbewoche <\/strong>VfR (Sportlerheim)<\/li>\n\n\n\n<li>19.-28.07.2024 <strong>Wiesenmarkt <\/strong>&#8211; Erbach<\/li>\n<\/ul>\n\n\n\n<h2 class=\"wp-block-heading\" id=\"august\">August<\/h2>\n\n\n\n<ul class=\"wp-block-list\">\n<li>Do. 29.08.2024 <strong>Blutspende<\/strong> (DRK)<\/li>\n<\/ul>\n\n\n\n<h2 class=\"wp-block-heading\" id=\"september\">September<\/h2>\n\n\n\n<ul class=\"wp-block-list\">\n<li>Fr. 06. &#8211; So. 08.09.2024 <strong>W\u00fcrzberger Kerb<\/strong> (DRK\/FFW) <\/li>\n\n\n\n<li>Fr. 20.09.2024 <strong>Generations\u00fcbergreifende KreativWerkstatt<\/strong> (ev. Kirche)<\/li>\n<\/ul>\n\n\n\n<h2 class=\"wp-block-heading\" id=\"oktober\">Oktober<\/h2>\n\n\n\n<ul class=\"wp-block-list\">\n<li>Sa. 05.10.2024 <strong>Nachkerb <\/strong>(KerweClub W\u00fcrzberg)<\/li>\n\n\n\n<li>Fr. 11.10.2024 <strong>Oktoberfest<\/strong> (VfR)<\/li>\n\n\n\n<li>Sa. 26.10.2024 <strong>Weinfest <\/strong>(DRK\/FFW)<\/li>\n<\/ul>\n\n\n\n<h2 class=\"wp-block-heading\" id=\"november\">November<\/h2>\n\n\n\n<ul class=\"wp-block-list\">\n<li>Di. 05.11.2024 <strong>B\u00fcrgerversammlung <\/strong><\/li>\n\n\n\n<li>Do. 07.11.2024 <strong>Blutspende<\/strong> (DRK)<\/li>\n\n\n\n<li>Sa. 09.11.2024 <strong>Kochk\u00e4s&#8217;abend <\/strong>(Kultur- und Heimatverein)<\/li>\n\n\n\n<li>So. 17.11.2024 <strong>Volkstrauertag <\/strong>(Ortsbeirat)<\/li>\n\n\n\n<li>Fr. 29.11.2024 <strong>Generations\u00fcbergreifende KreativWerkstatt<\/strong> (ev. Kirche)<\/li>\n\n\n\n<li>Sa. 30.11.2024 <strong>Weihnachtsfeier Sch\u00fctzenverein<\/strong><\/li>\n<\/ul>\n\n\n\n<h2 class=\"wp-block-heading\" id=\"dezember\">Dezember<\/h2>\n\n\n\n<ul class=\"wp-block-list\">\n<li>Fr. 06.12.2024 <strong>Nikolaus &#8211; Weihnachtsmarkt<\/strong> (alle)<\/li>\n\n\n\n<li>Sa. 07.12.2024 <strong>Weihnachtsfeier Landfrauen<\/strong><\/li>\n\n\n\n<li>So. 08.12.2024 <strong>Seniorenweihnachtsfeier<\/strong> (Ortsbeirat)<\/li>\n\n\n\n<li>Sa. 14.12.2024 <strong>Weihnachtsfeier DRK<\/strong><\/li>\n\n\n\n<li>Sa. 21.12.2024 <strong>Weihnachtsfeier VfR<\/strong><\/li>\n<\/ul>\n\n\n\n<p><strong>Alle&nbsp;Angaben ohne Gew\u00e4hr. \u00c4nderungen vorbehalten.<\/strong><\/p>\n\n\n\n<p class=\"has-text-align-right\"><strong> <\/strong><\/p>\n","protected":false},"excerpt":{"rendered":"<p>Unsere W\u00fcrzberger Vereine haben aktuell folgende Veranstaltungen f\u00fcr 2024 in W\u00fcrzberg geplant.Aktuelle Informationen werden wie gewohnt auf dieser Webseite und im dazugeh\u00f6rigen Kalender ver\u00f6ffentlicht. Stand: 05.12.2023 &#8211; Generations\u00fcbergreifende KreativWerkstatt aufgenommen Januar Februar M\u00e4rz April Mai Juni Juli August September Oktober November Dezember Alle&nbsp;Angaben ohne Gew\u00e4hr. \u00c4nderungen vorbehalten.<\/p>\n","protected":false},"author":1,"featured_media":1595,"comment_status":"closed","ping_status":"closed","sticky":false,"template":"","format":"standard","meta":{"jetpack_post_was_ever_published":false,"_jetpack_newsletter_access":"","_jetpack_dont_email_post_to_subs":false,"_jetpack_newsletter_tier_id":0,"_jetpack_memberships_contains_paywalled_content":false,"_jetpack_memberships_contains_paid_content":false,"footnotes":"","jetpack_publicize_message":"","jetpack_publicize_feature_enabled":true,"jetpack_social_post_already_shared":true,"jetpack_social_options":{"image_generator_settings":{"template":"highway","default_image_id":0,"font":"","enabled":false},"version":2}},"categories":[1,27,2,3,4,47,5,7,8,9,29,10,11,12,13,14,30,15,28,16,26],"tags":[],"class_list":["post-5797","post","type-post","status-publish","format-standard","has-post-thumbnail","hentry","category-allgemein","category-archiv","category-drk","category-elferrat","category-erbach","category-eulbach","category-ffw","category-iwwerzwaisch","category-kerb","category-kerweclub","category-kirche","category-kultur-und-heimatverein","category-landfrauen","category-michelstadt","category-ortsbeirat","category-saengervereinigung","category-schlepperfreunde","category-schuetzenverein","category-spielmannszug","category-vdk","category-vfr"],"jetpack_publicize_connections":[],"jetpack_featured_media_url":"https:\/\/i0.wp.com\/www.wuerzberg.info\/wp-content\/uploads\/2018\/01\/calendar-1990453_640.jpg?fit=640%2C426&ssl=1","jetpack_shortlink":"https:\/\/wp.me\/p71HmM-1vv","jetpack_sharing_enabled":true,"publishpress_future_action":{"enabled":false,"date":"2026-05-06 02:51:16","action":"category-add","newStatus":"draft","terms":[],"taxonomy":"category","extraData":[]},"publishpress_future_workflow_manual_trigger":{"enabledWorkflows":[]},"_links":{"self":[{"href":"https:\/\/www.wuerzberg.info\/index.php?rest_route=\/wp\/v2\/posts\/5797","targetHints":{"allow":["GET"]}}],"collection":[{"href":"https:\/\/www.wuerzberg.info\/index.php?rest_route=\/wp\/v2\/posts"}],"about":[{"href":"https:\/\/www.wuerzberg.info\/index.php?rest_route=\/wp\/v2\/types\/post"}],"author":[{"embeddable":true,"href":"https:\/\/www.wuerzberg.info\/index.php?rest_route=\/wp\/v2\/users\/1"}],"replies":[{"embeddable":true,"href":"https:\/\/www.wuerzberg.info\/index.php?rest_route=%2Fwp%2Fv2%2Fcomments&post=5797"}],"version-history":[{"count":9,"href":"https:\/\/www.wuerzberg.info\/index.php?rest_route=\/wp\/v2\/posts\/5797\/revisions"}],"predecessor-version":[{"id":6108,"href":"https:\/\/www.wuerzberg.info\/index.php?rest_route=\/wp\/v2\/posts\/5797\/revisions\/6108"}],"wp:featuredmedia":[{"embeddable":true,"href":"https:\/\/www.wuerzberg.info\/index.php?rest_route=\/wp\/v2\/media\/1595"}],"wp:attachment":[{"href":"https:\/\/www.wuerzberg.info\/index.php?rest_route=%2Fwp%2Fv2%2Fmedia&parent=5797"}],"wp:term":[{"taxonomy":"category","embeddable":true,"href":"https:\/\/www.wuerzberg.info\/index.php?rest_route=%2Fwp%2Fv2%2Fcategories&post=5797"},{"taxonomy":"post_tag","embeddable":true,"href":"https:\/\/www.wuerzberg.info\/index.php?rest_route=%2Fwp%2Fv2%2Ftags&post=5797"}],"curies":[{"name":"wp","href":"https:\/\/api.w.org\/{rel}","templated":true}]}}