{"id":5803,"date":"2023-11-11T18:55:20","date_gmt":"2023-11-11T17:55:20","guid":{"rendered":"https:\/\/www.wuerzberg.info\/?p=5803"},"modified":"2023-12-03T10:30:45","modified_gmt":"2023-12-03T09:30:45","slug":"fr-01-12-2023-wuerzberger-weihnachtszauber","status":"publish","type":"post","link":"https:\/\/www.wuerzberg.info\/?p=5803","title":{"rendered":"Fr. 01.12.2023 &#8211; W\u00fcrzberger Weihnachtszauber"},"content":{"rendered":"\n<p>Auch in diesem Jahr l\u00e4dt unser W\u00fcrzberger Weihnachtszauber wieder zu einem gem\u00fctlichen Beisammensein ein.<br>F\u00fcr die Kinder bietet sich wieder die Gelegenheit gemeinsam etwas zu basteln und den Baum im Dorfgemeinschaftshaus zu schm\u00fccken. <br>Nat\u00fcrlich kommt auch wieder der Nikolaus auf einen Besuch vorbei.<br>F\u00fcr das leibliche Wohl ist bestens gesorgt.<\/p>\n\n\n\n<figure class=\"wp-block-image size-large is-style-default\"><img data-recalc-dims=\"1\" loading=\"lazy\" decoding=\"async\" width=\"625\" height=\"625\" data-attachment-id=\"5802\" data-permalink=\"https:\/\/www.wuerzberg.info\/?attachment_id=5802\" data-orig-file=\"https:\/\/i0.wp.com\/www.wuerzberg.info\/wp-content\/uploads\/2023\/11\/72a5da70-db73-40a3-91dd-393c2934f392-1.png?fit=1080%2C1080&amp;ssl=1\" data-orig-size=\"1080,1080\" data-comments-opened=\"0\" data-image-meta=\"{&quot;aperture&quot;:&quot;0&quot;,&quot;credit&quot;:&quot;&quot;,&quot;camera&quot;:&quot;&quot;,&quot;caption&quot;:&quot;&quot;,&quot;created_timestamp&quot;:&quot;0&quot;,&quot;copyright&quot;:&quot;&quot;,&quot;focal_length&quot;:&quot;0&quot;,&quot;iso&quot;:&quot;0&quot;,&quot;shutter_speed&quot;:&quot;0&quot;,&quot;title&quot;:&quot;&quot;,&quot;orientation&quot;:&quot;0&quot;}\" data-image-title=\"72a5da70-db73-40a3-91dd-393c2934f392-1\" data-image-description=\"\" data-image-caption=\"\" data-large-file=\"https:\/\/i0.wp.com\/www.wuerzberg.info\/wp-content\/uploads\/2023\/11\/72a5da70-db73-40a3-91dd-393c2934f392-1.png?fit=625%2C625&amp;ssl=1\" src=\"https:\/\/i0.wp.com\/www.wuerzberg.info\/wp-content\/uploads\/2023\/11\/72a5da70-db73-40a3-91dd-393c2934f392-1.png?resize=625%2C625&#038;ssl=1\" alt=\"\" class=\"wp-image-5802\" srcset=\"https:\/\/i0.wp.com\/www.wuerzberg.info\/wp-content\/uploads\/2023\/11\/72a5da70-db73-40a3-91dd-393c2934f392-1.png?resize=1024%2C1024&amp;ssl=1 1024w, https:\/\/i0.wp.com\/www.wuerzberg.info\/wp-content\/uploads\/2023\/11\/72a5da70-db73-40a3-91dd-393c2934f392-1.png?resize=300%2C300&amp;ssl=1 300w, https:\/\/i0.wp.com\/www.wuerzberg.info\/wp-content\/uploads\/2023\/11\/72a5da70-db73-40a3-91dd-393c2934f392-1.png?resize=150%2C150&amp;ssl=1 150w, https:\/\/i0.wp.com\/www.wuerzberg.info\/wp-content\/uploads\/2023\/11\/72a5da70-db73-40a3-91dd-393c2934f392-1.png?resize=768%2C768&amp;ssl=1 768w, https:\/\/i0.wp.com\/www.wuerzberg.info\/wp-content\/uploads\/2023\/11\/72a5da70-db73-40a3-91dd-393c2934f392-1.png?resize=200%2C200&amp;ssl=1 200w, https:\/\/i0.wp.com\/www.wuerzberg.info\/wp-content\/uploads\/2023\/11\/72a5da70-db73-40a3-91dd-393c2934f392-1.png?w=1080&amp;ssl=1 1080w\" sizes=\"auto, (max-width: 625px) 100vw, 625px\" \/><\/figure>\n","protected":false},"excerpt":{"rendered":"<p>Auch in diesem Jahr l\u00e4dt unser W\u00fcrzberger Weihnachtszauber wieder zu einem gem\u00fctlichen Beisammensein ein.F\u00fcr die Kinder bietet sich wieder die Gelegenheit gemeinsam etwas zu basteln und den Baum im Dorfgemeinschaftshaus zu schm\u00fccken. Nat\u00fcrlich kommt auch wieder der Nikolaus auf einen Besuch vorbei.F\u00fcr das leibliche Wohl ist bestens gesorgt.<\/p>\n","protected":false},"author":1,"featured_media":0,"comment_status":"closed","ping_status":"closed","sticky":false,"template":"","format":"standard","meta":{"jetpack_post_was_ever_published":false,"_jetpack_newsletter_access":"","_jetpack_dont_email_post_to_subs":false,"_jetpack_newsletter_tier_id":0,"_jetpack_memberships_contains_paywalled_content":false,"_jetpack_memberships_contains_paid_content":false,"footnotes":"","jetpack_publicize_message":"","jetpack_publicize_feature_enabled":false,"jetpack_social_post_already_shared":false,"jetpack_social_options":{"image_generator_settings":{"template":"highway","default_image_id":0,"font":"","enabled":false},"version":2}},"categories":[1,27,9,11,13,15],"tags":[],"class_list":["post-5803","post","type-post","status-publish","format-standard","hentry","category-allgemein","category-archiv","category-kerweclub","category-landfrauen","category-ortsbeirat","category-schuetzenverein"],"jetpack_publicize_connections":[],"jetpack_featured_media_url":"","jetpack_shortlink":"https:\/\/wp.me\/p71HmM-1vB","jetpack_sharing_enabled":true,"publishpress_future_action":{"enabled":false,"date":"2026-05-06 02:51:47","action":"category-add","newStatus":"draft","terms":[],"taxonomy":"category","extraData":[]},"publishpress_future_workflow_manual_trigger":{"enabledWorkflows":[]},"_links":{"self":[{"href":"https:\/\/www.wuerzberg.info\/index.php?rest_route=\/wp\/v2\/posts\/5803","targetHints":{"allow":["GET"]}}],"collection":[{"href":"https:\/\/www.wuerzberg.info\/index.php?rest_route=\/wp\/v2\/posts"}],"about":[{"href":"https:\/\/www.wuerzberg.info\/index.php?rest_route=\/wp\/v2\/types\/post"}],"author":[{"embeddable":true,"href":"https:\/\/www.wuerzberg.info\/index.php?rest_route=\/wp\/v2\/users\/1"}],"replies":[{"embeddable":true,"href":"https:\/\/www.wuerzberg.info\/index.php?rest_route=%2Fwp%2Fv2%2Fcomments&post=5803"}],"version-history":[{"count":1,"href":"https:\/\/www.wuerzberg.info\/index.php?rest_route=\/wp\/v2\/posts\/5803\/revisions"}],"predecessor-version":[{"id":5804,"href":"https:\/\/www.wuerzberg.info\/index.php?rest_route=\/wp\/v2\/posts\/5803\/revisions\/5804"}],"wp:attachment":[{"href":"https:\/\/www.wuerzberg.info\/index.php?rest_route=%2Fwp%2Fv2%2Fmedia&parent=5803"}],"wp:term":[{"taxonomy":"category","embeddable":true,"href":"https:\/\/www.wuerzberg.info\/index.php?rest_route=%2Fwp%2Fv2%2Fcategories&post=5803"},{"taxonomy":"post_tag","embeddable":true,"href":"https:\/\/www.wuerzberg.info\/index.php?rest_route=%2Fwp%2Fv2%2Ftags&post=5803"}],"curies":[{"name":"wp","href":"https:\/\/api.w.org\/{rel}","templated":true}]}}