{"id":5886,"date":"2023-12-13T08:48:32","date_gmt":"2023-12-13T07:48:32","guid":{"rendered":"https:\/\/www.wuerzberg.info\/?p=5886"},"modified":"2024-01-22T06:33:50","modified_gmt":"2024-01-22T05:33:50","slug":"so-21-01-2024-kinder-und-jugendgardetreffen","status":"publish","type":"post","link":"https:\/\/www.wuerzberg.info\/?p=5886","title":{"rendered":"So: 21.01.2024 Kinder- und Jugendgardetreffen"},"content":{"rendered":"\n<p>Der <strong>W\u00fcrzberger Elferrat<\/strong> l\u00e4dt auch 2024 zum <strong>Kinder- und  Jugendgardetreffen <\/strong>am <strong>Sonntag 21.01.2024<\/strong> ins W\u00fcrzberger Dorfgemeinschaftshaus ein. Beginn ist um 14:11 Uhr.<\/p>\n\n\n\n<figure class=\"wp-block-image size-large is-style-default\"><img data-recalc-dims=\"1\" loading=\"lazy\" decoding=\"async\" width=\"625\" height=\"884\" data-attachment-id=\"5887\" data-permalink=\"https:\/\/www.wuerzberg.info\/?attachment_id=5887\" data-orig-file=\"https:\/\/i0.wp.com\/www.wuerzberg.info\/wp-content\/uploads\/2023\/12\/Plakat_Kinderfastnacht_2024.png?fit=1654%2C2339&amp;ssl=1\" data-orig-size=\"1654,2339\" data-comments-opened=\"0\" data-image-meta=\"{&quot;aperture&quot;:&quot;0&quot;,&quot;credit&quot;:&quot;&quot;,&quot;camera&quot;:&quot;&quot;,&quot;caption&quot;:&quot;&quot;,&quot;created_timestamp&quot;:&quot;0&quot;,&quot;copyright&quot;:&quot;&quot;,&quot;focal_length&quot;:&quot;0&quot;,&quot;iso&quot;:&quot;0&quot;,&quot;shutter_speed&quot;:&quot;0&quot;,&quot;title&quot;:&quot;&quot;,&quot;orientation&quot;:&quot;0&quot;}\" data-image-title=\"Plakat_Kinderfastnacht_2024\" data-image-description=\"\" data-image-caption=\"\" data-large-file=\"https:\/\/i0.wp.com\/www.wuerzberg.info\/wp-content\/uploads\/2023\/12\/Plakat_Kinderfastnacht_2024.png?fit=625%2C884&amp;ssl=1\" src=\"https:\/\/i0.wp.com\/www.wuerzberg.info\/wp-content\/uploads\/2023\/12\/Plakat_Kinderfastnacht_2024.png?resize=625%2C884&#038;ssl=1\" alt=\"\" class=\"wp-image-5887\" srcset=\"https:\/\/i0.wp.com\/www.wuerzberg.info\/wp-content\/uploads\/2023\/12\/Plakat_Kinderfastnacht_2024.png?resize=724%2C1024&amp;ssl=1 724w, https:\/\/i0.wp.com\/www.wuerzberg.info\/wp-content\/uploads\/2023\/12\/Plakat_Kinderfastnacht_2024.png?resize=212%2C300&amp;ssl=1 212w, https:\/\/i0.wp.com\/www.wuerzberg.info\/wp-content\/uploads\/2023\/12\/Plakat_Kinderfastnacht_2024.png?resize=768%2C1086&amp;ssl=1 768w, https:\/\/i0.wp.com\/www.wuerzberg.info\/wp-content\/uploads\/2023\/12\/Plakat_Kinderfastnacht_2024.png?resize=1086%2C1536&amp;ssl=1 1086w, https:\/\/i0.wp.com\/www.wuerzberg.info\/wp-content\/uploads\/2023\/12\/Plakat_Kinderfastnacht_2024.png?resize=1448%2C2048&amp;ssl=1 1448w, https:\/\/i0.wp.com\/www.wuerzberg.info\/wp-content\/uploads\/2023\/12\/Plakat_Kinderfastnacht_2024.png?resize=141%2C200&amp;ssl=1 141w, https:\/\/i0.wp.com\/www.wuerzberg.info\/wp-content\/uploads\/2023\/12\/Plakat_Kinderfastnacht_2024.png?w=1654&amp;ssl=1 1654w, https:\/\/i0.wp.com\/www.wuerzberg.info\/wp-content\/uploads\/2023\/12\/Plakat_Kinderfastnacht_2024.png?w=1250&amp;ssl=1 1250w\" sizes=\"auto, (max-width: 625px) 100vw, 625px\" \/><\/figure>\n","protected":false},"excerpt":{"rendered":"<p>Der W\u00fcrzberger Elferrat l\u00e4dt auch 2024 zum Kinder- und Jugendgardetreffen am Sonntag 21.01.2024 ins W\u00fcrzberger Dorfgemeinschaftshaus ein. Beginn ist um 14:11 Uhr.<\/p>\n","protected":false},"author":1,"featured_media":0,"comment_status":"closed","ping_status":"closed","sticky":false,"template":"","format":"standard","meta":{"jetpack_post_was_ever_published":false,"_jetpack_newsletter_access":"","_jetpack_dont_email_post_to_subs":false,"_jetpack_newsletter_tier_id":0,"_jetpack_memberships_contains_paywalled_content":false,"_jetpack_memberships_contains_paid_content":false,"footnotes":"","jetpack_publicize_message":"Der W\u00fcrzberger Elferrat l\u00e4dt auch 2024 zum Kinder- und  Jugendgardetreffen am Sonntag 21.01.2024 ins W\u00fcrzberger Dorfgemeinschaftshaus ein. Beginn ist um 14:11 Uhr.","jetpack_publicize_feature_enabled":true,"jetpack_social_post_already_shared":false,"jetpack_social_options":{"image_generator_settings":{"template":"highway","default_image_id":0,"font":"","enabled":false},"version":2}},"categories":[1,27,3],"tags":[],"class_list":["post-5886","post","type-post","status-publish","format-standard","hentry","category-allgemein","category-archiv","category-elferrat"],"jetpack_publicize_connections":[],"jetpack_featured_media_url":"","jetpack_shortlink":"https:\/\/wp.me\/p71HmM-1wW","jetpack_sharing_enabled":true,"publishpress_future_action":{"enabled":false,"date":"2026-05-09 07:55:56","action":"category-add","newStatus":"draft","terms":[],"taxonomy":"category","extraData":[]},"publishpress_future_workflow_manual_trigger":{"enabledWorkflows":[]},"_links":{"self":[{"href":"https:\/\/www.wuerzberg.info\/index.php?rest_route=\/wp\/v2\/posts\/5886","targetHints":{"allow":["GET"]}}],"collection":[{"href":"https:\/\/www.wuerzberg.info\/index.php?rest_route=\/wp\/v2\/posts"}],"about":[{"href":"https:\/\/www.wuerzberg.info\/index.php?rest_route=\/wp\/v2\/types\/post"}],"author":[{"embeddable":true,"href":"https:\/\/www.wuerzberg.info\/index.php?rest_route=\/wp\/v2\/users\/1"}],"replies":[{"embeddable":true,"href":"https:\/\/www.wuerzberg.info\/index.php?rest_route=%2Fwp%2Fv2%2Fcomments&post=5886"}],"version-history":[{"count":1,"href":"https:\/\/www.wuerzberg.info\/index.php?rest_route=\/wp\/v2\/posts\/5886\/revisions"}],"predecessor-version":[{"id":5888,"href":"https:\/\/www.wuerzberg.info\/index.php?rest_route=\/wp\/v2\/posts\/5886\/revisions\/5888"}],"wp:attachment":[{"href":"https:\/\/www.wuerzberg.info\/index.php?rest_route=%2Fwp%2Fv2%2Fmedia&parent=5886"}],"wp:term":[{"taxonomy":"category","embeddable":true,"href":"https:\/\/www.wuerzberg.info\/index.php?rest_route=%2Fwp%2Fv2%2Fcategories&post=5886"},{"taxonomy":"post_tag","embeddable":true,"href":"https:\/\/www.wuerzberg.info\/index.php?rest_route=%2Fwp%2Fv2%2Ftags&post=5886"}],"curies":[{"name":"wp","href":"https:\/\/api.w.org\/{rel}","templated":true}]}}