{"id":6344,"date":"2024-10-14T16:04:35","date_gmt":"2024-10-14T14:04:35","guid":{"rendered":"https:\/\/www.wuerzberg.info\/?p=6344"},"modified":"2025-01-04T16:31:37","modified_gmt":"2025-01-04T15:31:37","slug":"paedagogische-fachkraft-zur-unterstuetzung-im-gruppenalltag-im-rahmen-von-integrationsmassnahmen-fuer-den-wuerzberger-kindergarten-gesucht","status":"publish","type":"post","link":"https:\/\/www.wuerzberg.info\/?p=6344","title":{"rendered":"P\u00e4dagogische Fachkraft zur Unterst\u00fctzung im Gruppenalltag im Rahmen von Integrationsma\u00dfnahmen f\u00fcr den W\u00fcrzberger Kindergarten gesucht"},"content":{"rendered":"\n<p class=\"has-black-color has-luminous-vivid-amber-background-color has-text-color has-background\"><strong>Unser W\u00fcrzberger Kindergarten \u201eZur Wichtelburg\u201c sucht <\/strong>eine <strong>p\u00e4dagogische Fachkraft (m\/w\/d) zur Unterst\u00fctzung im Gruppenalltag im Rahmen von Integrationsma\u00dfnahmen<\/strong><br>(15 Stunden\/Woche)<br><strong>Weitere Informationen und die Bewerbungsm\u00f6glichkeiten sind auf den Seiten der Stadt Michelstadt zu finden: <\/strong><br>&#8211; Stellenangebote: <a href=\"https:\/\/www.michelstadt.de\/rathaus\/stadtverwaltung\/stellenangebote\/\" target=\"_blank\" rel=\"noreferrer noopener\">https:\/\/www.michelstadt.de\/rathaus\/stadtverwaltung\/stellenangebote<\/a><br>&#8211; Direkt zur Stellenausschreibung (pdf): <a href=\"https:\/\/www.michelstadt.de\/fileadmin\/DAM_Michelstadt\/Rathaus\/Stellenausschreibung\/Auschreibung_-_Integrationsfachkraft_-_Wuerzberg_2024.pdf\" target=\"_blank\" rel=\"noreferrer noopener\">Integrationsfachkraft-Wuerzberg_2024.pdf<\/a><\/p>\n\n\n\n<figure class=\"wp-block-image size-large\"><a href=\"https:\/\/www.michelstadt.de\/fileadmin\/DAM_Michelstadt\/Rathaus\/Stellenausschreibung\/Auschreibung_-_Integrationsfachkraft_-_Wuerzberg_2024.pdf\" target=\"_blank\" rel=\"noreferrer noopener\"><img data-recalc-dims=\"1\" loading=\"lazy\" decoding=\"async\" width=\"625\" height=\"526\" data-attachment-id=\"6345\" data-permalink=\"https:\/\/www.wuerzberg.info\/?attachment_id=6345\" data-orig-file=\"https:\/\/i0.wp.com\/www.wuerzberg.info\/wp-content\/uploads\/2024\/10\/Auschreibung_Integrationsfachkraft_Wuerzberg_2024.png?fit=1478%2C1243&amp;ssl=1\" data-orig-size=\"1478,1243\" data-comments-opened=\"0\" data-image-meta=\"{&quot;aperture&quot;:&quot;0&quot;,&quot;credit&quot;:&quot;&quot;,&quot;camera&quot;:&quot;&quot;,&quot;caption&quot;:&quot;&quot;,&quot;created_timestamp&quot;:&quot;0&quot;,&quot;copyright&quot;:&quot;&quot;,&quot;focal_length&quot;:&quot;0&quot;,&quot;iso&quot;:&quot;0&quot;,&quot;shutter_speed&quot;:&quot;0&quot;,&quot;title&quot;:&quot;&quot;,&quot;orientation&quot;:&quot;0&quot;}\" data-image-title=\"Auschreibung_Integrationsfachkraft_Wuerzberg_2024\" data-image-description=\"\" data-image-caption=\"\" data-large-file=\"https:\/\/i0.wp.com\/www.wuerzberg.info\/wp-content\/uploads\/2024\/10\/Auschreibung_Integrationsfachkraft_Wuerzberg_2024.png?fit=625%2C526&amp;ssl=1\" src=\"https:\/\/i0.wp.com\/www.wuerzberg.info\/wp-content\/uploads\/2024\/10\/Auschreibung_Integrationsfachkraft_Wuerzberg_2024.png?resize=625%2C526&#038;ssl=1\" alt=\"\" class=\"wp-image-6345\" srcset=\"https:\/\/i0.wp.com\/www.wuerzberg.info\/wp-content\/uploads\/2024\/10\/Auschreibung_Integrationsfachkraft_Wuerzberg_2024.png?resize=1024%2C861&amp;ssl=1 1024w, https:\/\/i0.wp.com\/www.wuerzberg.info\/wp-content\/uploads\/2024\/10\/Auschreibung_Integrationsfachkraft_Wuerzberg_2024.png?resize=300%2C252&amp;ssl=1 300w, https:\/\/i0.wp.com\/www.wuerzberg.info\/wp-content\/uploads\/2024\/10\/Auschreibung_Integrationsfachkraft_Wuerzberg_2024.png?resize=768%2C646&amp;ssl=1 768w, https:\/\/i0.wp.com\/www.wuerzberg.info\/wp-content\/uploads\/2024\/10\/Auschreibung_Integrationsfachkraft_Wuerzberg_2024.png?resize=200%2C168&amp;ssl=1 200w, https:\/\/i0.wp.com\/www.wuerzberg.info\/wp-content\/uploads\/2024\/10\/Auschreibung_Integrationsfachkraft_Wuerzberg_2024.png?w=1478&amp;ssl=1 1478w, https:\/\/i0.wp.com\/www.wuerzberg.info\/wp-content\/uploads\/2024\/10\/Auschreibung_Integrationsfachkraft_Wuerzberg_2024.png?w=1250&amp;ssl=1 1250w\" sizes=\"auto, (max-width: 625px) 100vw, 625px\" \/><\/a><\/figure>\n","protected":false},"excerpt":{"rendered":"<p>Unser W\u00fcrzberger Kindergarten \u201eZur Wichtelburg\u201c sucht eine p\u00e4dagogische Fachkraft (m\/w\/d) zur Unterst\u00fctzung im Gruppenalltag im Rahmen von Integrationsma\u00dfnahmen(15 Stunden\/Woche)Weitere Informationen und die Bewerbungsm\u00f6glichkeiten sind auf den Seiten der Stadt Michelstadt zu finden: &#8211; Stellenangebote: https:\/\/www.michelstadt.de\/rathaus\/stadtverwaltung\/stellenangebote&#8211; Direkt zur Stellenausschreibung (pdf): Integrationsfachkraft-Wuerzberg_2024.pdf<\/p>\n","protected":false},"author":1,"featured_media":0,"comment_status":"closed","ping_status":"closed","sticky":false,"template":"","format":"standard","meta":{"jetpack_post_was_ever_published":false,"_jetpack_newsletter_access":"","_jetpack_dont_email_post_to_subs":false,"_jetpack_newsletter_tier_id":0,"_jetpack_memberships_contains_paywalled_content":false,"_jetpack_memberships_contains_paid_content":false,"footnotes":"","jetpack_publicize_message":"","jetpack_publicize_feature_enabled":true,"jetpack_social_post_already_shared":true,"jetpack_social_options":{"image_generator_settings":{"template":"highway","default_image_id":0,"font":"","enabled":false},"version":2}},"categories":[1,27,39,12,13],"tags":[],"class_list":["post-6344","post","type-post","status-publish","format-standard","hentry","category-allgemein","category-archiv","category-kindergarten","category-michelstadt","category-ortsbeirat"],"jetpack_publicize_connections":[],"jetpack_featured_media_url":"","jetpack_shortlink":"https:\/\/wp.me\/p71HmM-1Ek","jetpack_sharing_enabled":true,"publishpress_future_action":{"enabled":false,"date":"2026-05-07 05:13:10","action":"category-add","newStatus":"draft","terms":[],"taxonomy":"category","extraData":[]},"publishpress_future_workflow_manual_trigger":{"enabledWorkflows":[]},"_links":{"self":[{"href":"https:\/\/www.wuerzberg.info\/index.php?rest_route=\/wp\/v2\/posts\/6344","targetHints":{"allow":["GET"]}}],"collection":[{"href":"https:\/\/www.wuerzberg.info\/index.php?rest_route=\/wp\/v2\/posts"}],"about":[{"href":"https:\/\/www.wuerzberg.info\/index.php?rest_route=\/wp\/v2\/types\/post"}],"author":[{"embeddable":true,"href":"https:\/\/www.wuerzberg.info\/index.php?rest_route=\/wp\/v2\/users\/1"}],"replies":[{"embeddable":true,"href":"https:\/\/www.wuerzberg.info\/index.php?rest_route=%2Fwp%2Fv2%2Fcomments&post=6344"}],"version-history":[{"count":1,"href":"https:\/\/www.wuerzberg.info\/index.php?rest_route=\/wp\/v2\/posts\/6344\/revisions"}],"predecessor-version":[{"id":6346,"href":"https:\/\/www.wuerzberg.info\/index.php?rest_route=\/wp\/v2\/posts\/6344\/revisions\/6346"}],"wp:attachment":[{"href":"https:\/\/www.wuerzberg.info\/index.php?rest_route=%2Fwp%2Fv2%2Fmedia&parent=6344"}],"wp:term":[{"taxonomy":"category","embeddable":true,"href":"https:\/\/www.wuerzberg.info\/index.php?rest_route=%2Fwp%2Fv2%2Fcategories&post=6344"},{"taxonomy":"post_tag","embeddable":true,"href":"https:\/\/www.wuerzberg.info\/index.php?rest_route=%2Fwp%2Fv2%2Ftags&post=6344"}],"curies":[{"name":"wp","href":"https:\/\/api.w.org\/{rel}","templated":true}]}}