{"id":6492,"date":"2025-01-28T21:25:20","date_gmt":"2025-01-28T20:25:20","guid":{"rendered":"https:\/\/www.wuerzberg.info\/?p=6492"},"modified":"2025-02-22T17:28:31","modified_gmt":"2025-02-22T16:28:31","slug":"wir-trauern-in-der-fastnachtszeit","status":"publish","type":"post","link":"https:\/\/www.wuerzberg.info\/?p=6492","title":{"rendered":"Wir trauern in der Fastnachtszeit &#8211; Absage der Veranstaltungen"},"content":{"rendered":"\n<p>Liebe Freunde,<br>wir trauern um einen lieben Freund und langj\u00e4hriges Elferratsmitglied.<br>Da es uns schwerf\u00e4llt, in dieser Zeit unbeschwert zu feiern, haben wir beschlossen, in diesem Jahr keine Fastnacht in W\u00fcrzberg zu veranstalten. Wir bitten um euer Verst\u00e4ndnis.<br>Unsere Gedanken sind bei den Angeh\u00f6rigen und Freunden.<br>W\u00fcrzberger Landfrauen und W\u00fcrzberger Elferrat<\/p>\n\n\n\n<p>Auch der f\u00fcr Freitag. 21.02.2025 geplante Kappenabend wurde abgesagt.<\/p>\n\n\n\n<figure class=\"wp-block-image size-large\"><img data-recalc-dims=\"1\" loading=\"lazy\" decoding=\"async\" width=\"625\" height=\"443\" data-attachment-id=\"6495\" data-permalink=\"https:\/\/www.wuerzberg.info\/?attachment_id=6495\" data-orig-file=\"https:\/\/i0.wp.com\/www.wuerzberg.info\/wp-content\/uploads\/2025\/01\/2025_Absage-Fastnacht.png?fit=1860%2C1316&amp;ssl=1\" data-orig-size=\"1860,1316\" data-comments-opened=\"0\" data-image-meta=\"{&quot;aperture&quot;:&quot;0&quot;,&quot;credit&quot;:&quot;&quot;,&quot;camera&quot;:&quot;&quot;,&quot;caption&quot;:&quot;&quot;,&quot;created_timestamp&quot;:&quot;0&quot;,&quot;copyright&quot;:&quot;&quot;,&quot;focal_length&quot;:&quot;0&quot;,&quot;iso&quot;:&quot;0&quot;,&quot;shutter_speed&quot;:&quot;0&quot;,&quot;title&quot;:&quot;&quot;,&quot;orientation&quot;:&quot;0&quot;}\" data-image-title=\"2025_Absage-Fastnacht\" data-image-description=\"\" data-image-caption=\"\" data-large-file=\"https:\/\/i0.wp.com\/www.wuerzberg.info\/wp-content\/uploads\/2025\/01\/2025_Absage-Fastnacht.png?fit=625%2C443&amp;ssl=1\" src=\"https:\/\/i0.wp.com\/www.wuerzberg.info\/wp-content\/uploads\/2025\/01\/2025_Absage-Fastnacht.png?resize=625%2C443&#038;ssl=1\" alt=\"\" class=\"wp-image-6495\" srcset=\"https:\/\/i0.wp.com\/www.wuerzberg.info\/wp-content\/uploads\/2025\/01\/2025_Absage-Fastnacht.png?resize=1024%2C725&amp;ssl=1 1024w, https:\/\/i0.wp.com\/www.wuerzberg.info\/wp-content\/uploads\/2025\/01\/2025_Absage-Fastnacht.png?resize=300%2C212&amp;ssl=1 300w, https:\/\/i0.wp.com\/www.wuerzberg.info\/wp-content\/uploads\/2025\/01\/2025_Absage-Fastnacht.png?resize=768%2C543&amp;ssl=1 768w, https:\/\/i0.wp.com\/www.wuerzberg.info\/wp-content\/uploads\/2025\/01\/2025_Absage-Fastnacht.png?resize=1536%2C1087&amp;ssl=1 1536w, https:\/\/i0.wp.com\/www.wuerzberg.info\/wp-content\/uploads\/2025\/01\/2025_Absage-Fastnacht.png?resize=200%2C142&amp;ssl=1 200w, https:\/\/i0.wp.com\/www.wuerzberg.info\/wp-content\/uploads\/2025\/01\/2025_Absage-Fastnacht.png?w=1860&amp;ssl=1 1860w, https:\/\/i0.wp.com\/www.wuerzberg.info\/wp-content\/uploads\/2025\/01\/2025_Absage-Fastnacht.png?w=1250&amp;ssl=1 1250w\" sizes=\"auto, (max-width: 625px) 100vw, 625px\" \/><\/figure>\n","protected":false},"excerpt":{"rendered":"<p>Liebe Freunde,wir trauern um einen lieben Freund und langj\u00e4hriges Elferratsmitglied.Da es uns schwerf\u00e4llt, in dieser Zeit unbeschwert zu feiern, haben wir beschlossen, in diesem Jahr keine Fastnacht in W\u00fcrzberg zu veranstalten. Wir bitten um euer Verst\u00e4ndnis.Unsere Gedanken sind bei den Angeh\u00f6rigen und Freunden.W\u00fcrzberger Landfrauen und W\u00fcrzberger Elferrat Auch der f\u00fcr Freitag. 21.02.2025 geplante Kappenabend wurde [&hellip;]<\/p>\n","protected":false},"author":1,"featured_media":0,"comment_status":"closed","ping_status":"closed","sticky":false,"template":"","format":"standard","meta":{"jetpack_post_was_ever_published":false,"_jetpack_newsletter_access":"","_jetpack_dont_email_post_to_subs":false,"_jetpack_newsletter_tier_id":0,"_jetpack_memberships_contains_paywalled_content":false,"_jetpack_memberships_contains_paid_content":false,"footnotes":"","jetpack_publicize_message":"","jetpack_publicize_feature_enabled":true,"jetpack_social_post_already_shared":true,"jetpack_social_options":{"image_generator_settings":{"template":"highway","default_image_id":0,"font":"","enabled":false},"version":2}},"categories":[1,27,3,11],"tags":[],"class_list":["post-6492","post","type-post","status-publish","format-standard","hentry","category-allgemein","category-archiv","category-elferrat","category-landfrauen"],"jetpack_publicize_connections":[],"jetpack_featured_media_url":"","jetpack_shortlink":"https:\/\/wp.me\/p71HmM-1GI","jetpack_sharing_enabled":true,"publishpress_future_action":{"enabled":false,"date":"2026-05-08 10:14:29","action":"category-add","newStatus":"draft","terms":[],"taxonomy":"category","extraData":[]},"publishpress_future_workflow_manual_trigger":{"enabledWorkflows":[]},"_links":{"self":[{"href":"https:\/\/www.wuerzberg.info\/index.php?rest_route=\/wp\/v2\/posts\/6492","targetHints":{"allow":["GET"]}}],"collection":[{"href":"https:\/\/www.wuerzberg.info\/index.php?rest_route=\/wp\/v2\/posts"}],"about":[{"href":"https:\/\/www.wuerzberg.info\/index.php?rest_route=\/wp\/v2\/types\/post"}],"author":[{"embeddable":true,"href":"https:\/\/www.wuerzberg.info\/index.php?rest_route=\/wp\/v2\/users\/1"}],"replies":[{"embeddable":true,"href":"https:\/\/www.wuerzberg.info\/index.php?rest_route=%2Fwp%2Fv2%2Fcomments&post=6492"}],"version-history":[{"count":6,"href":"https:\/\/www.wuerzberg.info\/index.php?rest_route=\/wp\/v2\/posts\/6492\/revisions"}],"predecessor-version":[{"id":6501,"href":"https:\/\/www.wuerzberg.info\/index.php?rest_route=\/wp\/v2\/posts\/6492\/revisions\/6501"}],"wp:attachment":[{"href":"https:\/\/www.wuerzberg.info\/index.php?rest_route=%2Fwp%2Fv2%2Fmedia&parent=6492"}],"wp:term":[{"taxonomy":"category","embeddable":true,"href":"https:\/\/www.wuerzberg.info\/index.php?rest_route=%2Fwp%2Fv2%2Fcategories&post=6492"},{"taxonomy":"post_tag","embeddable":true,"href":"https:\/\/www.wuerzberg.info\/index.php?rest_route=%2Fwp%2Fv2%2Ftags&post=6492"}],"curies":[{"name":"wp","href":"https:\/\/api.w.org\/{rel}","templated":true}]}}