{"id":6523,"date":"2025-03-18T21:42:18","date_gmt":"2025-03-18T20:42:18","guid":{"rendered":"https:\/\/www.wuerzberg.info\/?p=6523"},"modified":"2025-05-18T10:01:37","modified_gmt":"2025-05-18T08:01:37","slug":"iwwerzwaeisch-lass-die-sau-raus","status":"publish","type":"post","link":"https:\/\/www.wuerzberg.info\/?p=6523","title":{"rendered":"IWWERZW\u00c4ISCH \u2013 Lass die Sau raus!"},"content":{"rendered":"\n<p>In diesem Jahr erwartet die Zuschauer unserer W\u00fcrzberger Theatergruppe <strong>&#8222;Iwwerzw\u00e4isch&#8220;<\/strong> die Kom\u00f6die <strong>&#8222;Lass die Sau raus!&#8220;<\/strong>. Kartenvorverkauf ab 29.03.2025!<\/p>\n\n\n\n<div class=\"wp-block-columns has-black-color has-text-color is-layout-flex wp-container-core-columns-is-layout-9d6595d7 wp-block-columns-is-layout-flex\">\n<div class=\"wp-block-column is-layout-flow wp-block-column-is-layout-flow\" style=\"flex-basis:66.66%\">\n<figure class=\"wp-block-image size-large\"><a href=\"https:\/\/i0.wp.com\/www.wuerzberg.info\/wp-content\/uploads\/2025\/03\/Theater-Lass-die-Sau-raus.jpg?ssl=1\" target=\"_blank\" rel=\" noreferrer noopener\"><img data-recalc-dims=\"1\" loading=\"lazy\" decoding=\"async\" width=\"625\" height=\"884\" data-attachment-id=\"6524\" data-permalink=\"https:\/\/www.wuerzberg.info\/?attachment_id=6524\" data-orig-file=\"https:\/\/i0.wp.com\/www.wuerzberg.info\/wp-content\/uploads\/2025\/03\/Theater-Lass-die-Sau-raus.jpg?fit=1240%2C1754&amp;ssl=1\" data-orig-size=\"1240,1754\" data-comments-opened=\"0\" data-image-meta=\"{&quot;aperture&quot;:&quot;0&quot;,&quot;credit&quot;:&quot;&quot;,&quot;camera&quot;:&quot;&quot;,&quot;caption&quot;:&quot;&quot;,&quot;created_timestamp&quot;:&quot;0&quot;,&quot;copyright&quot;:&quot;&quot;,&quot;focal_length&quot;:&quot;0&quot;,&quot;iso&quot;:&quot;0&quot;,&quot;shutter_speed&quot;:&quot;0&quot;,&quot;title&quot;:&quot;&quot;,&quot;orientation&quot;:&quot;0&quot;}\" data-image-title=\"Theater Lass die Sau raus\" data-image-description=\"\" data-image-caption=\"\" data-large-file=\"https:\/\/i0.wp.com\/www.wuerzberg.info\/wp-content\/uploads\/2025\/03\/Theater-Lass-die-Sau-raus.jpg?fit=625%2C884&amp;ssl=1\" src=\"https:\/\/i0.wp.com\/www.wuerzberg.info\/wp-content\/uploads\/2025\/03\/Theater-Lass-die-Sau-raus.jpg?resize=625%2C884&#038;ssl=1\" alt=\"\" class=\"wp-image-6524\" srcset=\"https:\/\/i0.wp.com\/www.wuerzberg.info\/wp-content\/uploads\/2025\/03\/Theater-Lass-die-Sau-raus.jpg?resize=724%2C1024&amp;ssl=1 724w, https:\/\/i0.wp.com\/www.wuerzberg.info\/wp-content\/uploads\/2025\/03\/Theater-Lass-die-Sau-raus.jpg?resize=212%2C300&amp;ssl=1 212w, https:\/\/i0.wp.com\/www.wuerzberg.info\/wp-content\/uploads\/2025\/03\/Theater-Lass-die-Sau-raus.jpg?resize=768%2C1086&amp;ssl=1 768w, https:\/\/i0.wp.com\/www.wuerzberg.info\/wp-content\/uploads\/2025\/03\/Theater-Lass-die-Sau-raus.jpg?resize=1086%2C1536&amp;ssl=1 1086w, https:\/\/i0.wp.com\/www.wuerzberg.info\/wp-content\/uploads\/2025\/03\/Theater-Lass-die-Sau-raus.jpg?resize=141%2C200&amp;ssl=1 141w, https:\/\/i0.wp.com\/www.wuerzberg.info\/wp-content\/uploads\/2025\/03\/Theater-Lass-die-Sau-raus.jpg?w=1240&amp;ssl=1 1240w\" sizes=\"auto, (max-width: 625px) 100vw, 625px\" \/><\/a><\/figure>\n<\/div>\n\n\n\n<div class=\"wp-block-column is-vertically-aligned-center is-layout-flow wp-block-column-is-layout-flow\" style=\"flex-basis:33.33%\">\n<p class=\"has-text-align-left\">Karin Heppner und ihre Freundinnen Selma und Lotte sind emp\u00f6rt \u00fcber Lebensmittelskandale und rufen zum Boykott regionaler Fleischprodukte auf. Doch Karins Familie ist wenig begeistert vom pl\u00f6tzlichen Vegetarismus, sodass ihr Mann Norbert heimlich eine Sau im alten Stall h\u00e4lt. Als Selma und Lotte f\u00e4lschlicherweise glauben, \u201eAnita\u201c sei Norberts Geliebte, nimmt das Chaos seinen Lauf. Missverst\u00e4ndnisse und skurrile Ereignisse h\u00e4ufen sich&#8230;<\/p>\n\n\n\n<p><strong>Auff\u00fchrungstermine<\/strong><br>(Einlass 1 Stunde vor Beginn)<strong>:<\/strong><\/p>\n\n\n\n<ul class=\"wp-block-list\">\n<li>Fr. 09.05.2025<br>Beginn: 20:00 Uhr<\/li>\n\n\n\n<li>Sa. 10.05.2025<br>Beginn: 20:00 Uhr<\/li>\n\n\n\n<li>So. 11.05.2025<br>Beginn: 17:00 Uhr<\/li>\n\n\n\n<li>Fr. 16.05.2025<br>Beginn: 20:00 Uhr<\/li>\n\n\n\n<li>Sa. 17.05.2025<br>Beginn: 20:00 Uhr<\/li>\n<\/ul>\n<\/div>\n<\/div>\n\n\n\n<p class=\"has-text-align-left\"><strong><span style=\"text-decoration: underline;\">Die Karten sind ab 29.03.2025 nur im Vorverkauf erh\u00e4ltlich:<\/span><\/strong><\/p>\n\n\n\n<ul class=\"wp-block-list\">\n<li><strong>Friseur Weyrauch<\/strong> &#8211; Hauptstra\u00dfe 9, 64720 Michelstadt-<strong>W\u00fcrzberg<\/strong><\/li>\n\n\n\n<li><strong><a rel=\"noreferrer noopener\" href=\"https:\/\/odenwaeldercafestube.page4.com\/\" target=\"_blank\">Odenw\u00e4lder Cafestube<\/a> <\/strong>&#8211; Zum R\u00f6merbad 2, 64720 Michelstadt-<strong>W\u00fcrzberg<\/strong><\/li>\n\n\n\n<li><strong>B\u00e4ckerei Becker<\/strong> &#8211; Erbacher Str. 24, 64720 <strong>Michelstadt<\/strong><\/li>\n\n\n\n<li><strong><a rel=\"noreferrer noopener\" href=\"https:\/\/www.metzgerei-glenz.de\/\" target=\"_blank\">Metzgerei Glenz<\/a> <\/strong>&#8211; Bahnstra\u00dfe 14, 64711 <strong>Erbach<\/strong><\/li>\n<\/ul>\n\n\n\n<p><strong>Wie bereits in den Vorjahren geht ein Teil der Einnahmen an einen wohlt\u00e4tigen Zweck.<\/strong><\/p>\n","protected":false},"excerpt":{"rendered":"<p>In diesem Jahr erwartet die Zuschauer unserer W\u00fcrzberger Theatergruppe &#8222;Iwwerzw\u00e4isch&#8220; die Kom\u00f6die &#8222;Lass die Sau raus!&#8220;. Kartenvorverkauf ab 29.03.2025! Karin Heppner und ihre Freundinnen Selma und Lotte sind emp\u00f6rt \u00fcber Lebensmittelskandale und rufen zum Boykott regionaler Fleischprodukte auf. Doch Karins Familie ist wenig begeistert vom pl\u00f6tzlichen Vegetarismus, sodass ihr Mann Norbert heimlich eine Sau im [&hellip;]<\/p>\n","protected":false},"author":1,"featured_media":0,"comment_status":"closed","ping_status":"closed","sticky":false,"template":"","format":"standard","meta":{"jetpack_post_was_ever_published":false,"_jetpack_newsletter_access":"","_jetpack_dont_email_post_to_subs":false,"_jetpack_newsletter_tier_id":0,"_jetpack_memberships_contains_paywalled_content":false,"_jetpack_memberships_contains_paid_content":false,"footnotes":"","jetpack_publicize_message":"","jetpack_publicize_feature_enabled":true,"jetpack_social_post_already_shared":false,"jetpack_social_options":{"image_generator_settings":{"template":"highway","default_image_id":0,"font":"","enabled":false},"version":2}},"categories":[1,27,7,10],"tags":[],"class_list":["post-6523","post","type-post","status-publish","format-standard","hentry","category-allgemein","category-archiv","category-iwwerzwaisch","category-kultur-und-heimatverein"],"jetpack_publicize_connections":[],"jetpack_featured_media_url":"","jetpack_shortlink":"https:\/\/wp.me\/p71HmM-1Hd","jetpack_sharing_enabled":true,"publishpress_future_action":{"enabled":false,"date":"2026-05-10 10:32:44","action":"category-add","newStatus":"draft","terms":[],"taxonomy":"category","extraData":[]},"publishpress_future_workflow_manual_trigger":{"enabledWorkflows":[]},"_links":{"self":[{"href":"https:\/\/www.wuerzberg.info\/index.php?rest_route=\/wp\/v2\/posts\/6523","targetHints":{"allow":["GET"]}}],"collection":[{"href":"https:\/\/www.wuerzberg.info\/index.php?rest_route=\/wp\/v2\/posts"}],"about":[{"href":"https:\/\/www.wuerzberg.info\/index.php?rest_route=\/wp\/v2\/types\/post"}],"author":[{"embeddable":true,"href":"https:\/\/www.wuerzberg.info\/index.php?rest_route=\/wp\/v2\/users\/1"}],"replies":[{"embeddable":true,"href":"https:\/\/www.wuerzberg.info\/index.php?rest_route=%2Fwp%2Fv2%2Fcomments&post=6523"}],"version-history":[{"count":5,"href":"https:\/\/www.wuerzberg.info\/index.php?rest_route=\/wp\/v2\/posts\/6523\/revisions"}],"predecessor-version":[{"id":6547,"href":"https:\/\/www.wuerzberg.info\/index.php?rest_route=\/wp\/v2\/posts\/6523\/revisions\/6547"}],"wp:attachment":[{"href":"https:\/\/www.wuerzberg.info\/index.php?rest_route=%2Fwp%2Fv2%2Fmedia&parent=6523"}],"wp:term":[{"taxonomy":"category","embeddable":true,"href":"https:\/\/www.wuerzberg.info\/index.php?rest_route=%2Fwp%2Fv2%2Fcategories&post=6523"},{"taxonomy":"post_tag","embeddable":true,"href":"https:\/\/www.wuerzberg.info\/index.php?rest_route=%2Fwp%2Fv2%2Ftags&post=6523"}],"curies":[{"name":"wp","href":"https:\/\/api.w.org\/{rel}","templated":true}]}}