{"id":6617,"date":"2025-05-15T12:19:32","date_gmt":"2025-05-15T10:19:32","guid":{"rendered":"https:\/\/www.wuerzberg.info\/?p=6617"},"modified":"2025-05-22T10:54:31","modified_gmt":"2025-05-22T08:54:31","slug":"mi-21-05-2025-infoabend-ueber-den-gefoerderten-glasfaserausbau-in-wuerzberg","status":"publish","type":"post","link":"https:\/\/www.wuerzberg.info\/?p=6617","title":{"rendered":"Mi. 21.05.2025: Infoabend \u00fcber den gef\u00f6rderten Glasfaserausbau in W\u00fcrzberg"},"content":{"rendered":"\n<p>Liebe B\u00fcrgerinnen, liebe B\u00fcrger,<br>wir freuen uns, Sie herzlich zu einem <strong>Infoabend \u00fcber den gef\u00f6rderten Glasfaserausbau<\/strong> in unserer Gemeinde einzuladen:<\/p>\n\n\n\n<p><strong>Datum:<\/strong>\u00a0\u00a0\u00a0\u00a0\u00a0\u00a0\u00a0\u00a0\u00a0\u00a0 Mittwoch, 21. Mai 2025<br><strong>Uhrzeit:\u00a0\u00a0\u00a0\u00a0\u00a0\u00a0\u00a0\u00a0\u00a0 <\/strong>Beginn um 19:00 Uhr<br><strong>Ort:<\/strong>\u00a0\u00a0\u00a0\u00a0\u00a0\u00a0\u00a0\u00a0\u00a0\u00a0\u00a0\u00a0\u00a0\u00a0\u00a0\u00a0 Dorfgemeinschaftshaus Michelstadt W\u00fcrzberg, Hauptstra\u00dfe 36, 64720 Michelstadt<\/p>\n\n\n\n<figure class=\"wp-block-image size-large\"><img data-recalc-dims=\"1\" loading=\"lazy\" decoding=\"async\" width=\"625\" height=\"456\" data-attachment-id=\"6618\" data-permalink=\"https:\/\/www.wuerzberg.info\/?attachment_id=6618\" data-orig-file=\"https:\/\/i0.wp.com\/www.wuerzberg.info\/wp-content\/uploads\/2025\/05\/EN385211_Infoabend_Wuerzberg_ANZ_Infoabend_185x135_Ssp_WEB.png?fit=2185%2C1594&amp;ssl=1\" data-orig-size=\"2185,1594\" data-comments-opened=\"0\" data-image-meta=\"{&quot;aperture&quot;:&quot;0&quot;,&quot;credit&quot;:&quot;&quot;,&quot;camera&quot;:&quot;&quot;,&quot;caption&quot;:&quot;&quot;,&quot;created_timestamp&quot;:&quot;0&quot;,&quot;copyright&quot;:&quot;&quot;,&quot;focal_length&quot;:&quot;0&quot;,&quot;iso&quot;:&quot;0&quot;,&quot;shutter_speed&quot;:&quot;0&quot;,&quot;title&quot;:&quot;&quot;,&quot;orientation&quot;:&quot;0&quot;}\" data-image-title=\"EN385211_Infoabend_Wuerzberg_ANZ_Infoabend_185x135_Ssp_WEB\" data-image-description=\"\" data-image-caption=\"\" data-large-file=\"https:\/\/i0.wp.com\/www.wuerzberg.info\/wp-content\/uploads\/2025\/05\/EN385211_Infoabend_Wuerzberg_ANZ_Infoabend_185x135_Ssp_WEB.png?fit=625%2C456&amp;ssl=1\" src=\"https:\/\/i0.wp.com\/www.wuerzberg.info\/wp-content\/uploads\/2025\/05\/EN385211_Infoabend_Wuerzberg_ANZ_Infoabend_185x135_Ssp_WEB.png?resize=625%2C456&#038;ssl=1\" alt=\"\" class=\"wp-image-6618\" srcset=\"https:\/\/i0.wp.com\/www.wuerzberg.info\/wp-content\/uploads\/2025\/05\/EN385211_Infoabend_Wuerzberg_ANZ_Infoabend_185x135_Ssp_WEB.png?resize=1024%2C747&amp;ssl=1 1024w, https:\/\/i0.wp.com\/www.wuerzberg.info\/wp-content\/uploads\/2025\/05\/EN385211_Infoabend_Wuerzberg_ANZ_Infoabend_185x135_Ssp_WEB.png?resize=300%2C219&amp;ssl=1 300w, https:\/\/i0.wp.com\/www.wuerzberg.info\/wp-content\/uploads\/2025\/05\/EN385211_Infoabend_Wuerzberg_ANZ_Infoabend_185x135_Ssp_WEB.png?resize=768%2C560&amp;ssl=1 768w, https:\/\/i0.wp.com\/www.wuerzberg.info\/wp-content\/uploads\/2025\/05\/EN385211_Infoabend_Wuerzberg_ANZ_Infoabend_185x135_Ssp_WEB.png?resize=1536%2C1121&amp;ssl=1 1536w, https:\/\/i0.wp.com\/www.wuerzberg.info\/wp-content\/uploads\/2025\/05\/EN385211_Infoabend_Wuerzberg_ANZ_Infoabend_185x135_Ssp_WEB.png?resize=2048%2C1494&amp;ssl=1 2048w, https:\/\/i0.wp.com\/www.wuerzberg.info\/wp-content\/uploads\/2025\/05\/EN385211_Infoabend_Wuerzberg_ANZ_Infoabend_185x135_Ssp_WEB.png?resize=200%2C146&amp;ssl=1 200w, https:\/\/i0.wp.com\/www.wuerzberg.info\/wp-content\/uploads\/2025\/05\/EN385211_Infoabend_Wuerzberg_ANZ_Infoabend_185x135_Ssp_WEB.png?w=1250&amp;ssl=1 1250w, https:\/\/i0.wp.com\/www.wuerzberg.info\/wp-content\/uploads\/2025\/05\/EN385211_Infoabend_Wuerzberg_ANZ_Infoabend_185x135_Ssp_WEB.png?w=1875&amp;ssl=1 1875w\" sizes=\"auto, (max-width: 625px) 100vw, 625px\" \/><\/figure>\n\n\n\n<p>Der Ausbau des Glasfasernetzes ist ein wichtiger Schritt in Richtung einer zukunftsf\u00e4higen digitalen Infrastruktur, die uns allen zugutekommt. Um Deutschland bis 2030 fl\u00e4chendeckend mit Glasfaser zu erschlie\u00dfen, hat die Bundesregierung die Gigabitf\u00f6rderung 2.0 ins Leben gerufen. Durch diese wird der Ausbau in bestimmten Gebieten unserer Gemeinde gef\u00f6rdert.<\/p>\n\n\n\n<p>In Kooperation mit der OGIG mbH und der PEB Breitband GmbH &amp; Co. KG (Klenk &amp; Sohn GmbH sowie ENTEGA) m\u00f6chten wir Ihnen an diesem Abend umfassende Informationen \u00fcber den geplanten Ausbau, die damit einhergehenden F\u00f6rderungen und die Vorteile f\u00fcr unsere Gemeinde pr\u00e4sentieren. Zudem haben Sie die Gelegenheit, Ihre Fragen direkt an die Verantwortlichen der beteiligten Unternehmen zu richten.<\/p>\n\n\n\n<p>Schnelles Internet \u2013 insbesondere auch im l\u00e4ndlichen Raum \u2013 ist ein wesentlicher Bestandteil unserer Zukunftsstrategie. Daher freuen wir uns auf Ihre Teilnahme und einen regen Austausch!<\/p>\n","protected":false},"excerpt":{"rendered":"<p>Liebe B\u00fcrgerinnen, liebe B\u00fcrger,wir freuen uns, Sie herzlich zu einem Infoabend \u00fcber den gef\u00f6rderten Glasfaserausbau in unserer Gemeinde einzuladen: Datum:\u00a0\u00a0\u00a0\u00a0\u00a0\u00a0\u00a0\u00a0\u00a0\u00a0 Mittwoch, 21. Mai 2025Uhrzeit:\u00a0\u00a0\u00a0\u00a0\u00a0\u00a0\u00a0\u00a0\u00a0 Beginn um 19:00 UhrOrt:\u00a0\u00a0\u00a0\u00a0\u00a0\u00a0\u00a0\u00a0\u00a0\u00a0\u00a0\u00a0\u00a0\u00a0\u00a0\u00a0 Dorfgemeinschaftshaus Michelstadt W\u00fcrzberg, Hauptstra\u00dfe 36, 64720 Michelstadt Der Ausbau des Glasfasernetzes ist ein wichtiger Schritt in Richtung einer zukunftsf\u00e4higen digitalen Infrastruktur, die uns allen zugutekommt. Um Deutschland [&hellip;]<\/p>\n","protected":false},"author":1,"featured_media":0,"comment_status":"closed","ping_status":"closed","sticky":false,"template":"","format":"standard","meta":{"jetpack_post_was_ever_published":false,"_jetpack_newsletter_access":"","_jetpack_dont_email_post_to_subs":false,"_jetpack_newsletter_tier_id":0,"_jetpack_memberships_contains_paywalled_content":false,"_jetpack_memberships_contains_paid_content":false,"footnotes":"","jetpack_publicize_message":"","jetpack_publicize_feature_enabled":true,"jetpack_social_post_already_shared":false,"jetpack_social_options":{"image_generator_settings":{"template":"highway","default_image_id":0,"font":"","enabled":false},"version":2}},"categories":[1,27,50,13,38],"tags":[],"class_list":["post-6617","post","type-post","status-publish","format-standard","hentry","category-allgemein","category-archiv","category-glasfaserausbau","category-ortsbeirat","category-pressemitteilungen"],"jetpack_publicize_connections":[],"jetpack_featured_media_url":"","jetpack_shortlink":"https:\/\/wp.me\/p71HmM-1IJ","jetpack_sharing_enabled":true,"publishpress_future_action":{"enabled":false,"date":"2026-05-09 11:50:13","action":"category-add","newStatus":"draft","terms":[],"taxonomy":"category","extraData":[]},"publishpress_future_workflow_manual_trigger":{"enabledWorkflows":[]},"_links":{"self":[{"href":"https:\/\/www.wuerzberg.info\/index.php?rest_route=\/wp\/v2\/posts\/6617","targetHints":{"allow":["GET"]}}],"collection":[{"href":"https:\/\/www.wuerzberg.info\/index.php?rest_route=\/wp\/v2\/posts"}],"about":[{"href":"https:\/\/www.wuerzberg.info\/index.php?rest_route=\/wp\/v2\/types\/post"}],"author":[{"embeddable":true,"href":"https:\/\/www.wuerzberg.info\/index.php?rest_route=\/wp\/v2\/users\/1"}],"replies":[{"embeddable":true,"href":"https:\/\/www.wuerzberg.info\/index.php?rest_route=%2Fwp%2Fv2%2Fcomments&post=6617"}],"version-history":[{"count":2,"href":"https:\/\/www.wuerzberg.info\/index.php?rest_route=\/wp\/v2\/posts\/6617\/revisions"}],"predecessor-version":[{"id":6620,"href":"https:\/\/www.wuerzberg.info\/index.php?rest_route=\/wp\/v2\/posts\/6617\/revisions\/6620"}],"wp:attachment":[{"href":"https:\/\/www.wuerzberg.info\/index.php?rest_route=%2Fwp%2Fv2%2Fmedia&parent=6617"}],"wp:term":[{"taxonomy":"category","embeddable":true,"href":"https:\/\/www.wuerzberg.info\/index.php?rest_route=%2Fwp%2Fv2%2Fcategories&post=6617"},{"taxonomy":"post_tag","embeddable":true,"href":"https:\/\/www.wuerzberg.info\/index.php?rest_route=%2Fwp%2Fv2%2Ftags&post=6617"}],"curies":[{"name":"wp","href":"https:\/\/api.w.org\/{rel}","templated":true}]}}