{"id":6668,"date":"2025-06-03T22:59:38","date_gmt":"2025-06-03T20:59:38","guid":{"rendered":"https:\/\/www.wuerzberg.info\/?p=6668"},"modified":"2025-08-07T08:49:51","modified_gmt":"2025-08-07T06:49:51","slug":"der-drk-ortsverein-wuerzberg-und-der-drk-kreisverband-odenwaldkreis-suchen-ihre-unterstuetzung","status":"publish","type":"post","link":"https:\/\/www.wuerzberg.info\/?p=6668","title":{"rendered":"Der DRK Ortsverein W\u00fcrzberg und der DRK-Kreisverband Odenwaldkreis suchen Ihre Unterst\u00fctzung"},"content":{"rendered":"\n<p>Die Aktion startet in Erbach und W\u00fcrzberg.<\/p>\n\n\n\n<p>Ab dem 2. Juni 2025 startet der DRK Kreisverband Odenwaldkreis eine gro\u00df angelegte Mitgliederkampagne \u2013 und wir freuen uns, wenn Sie Teil davon werden! Sechs bis acht Wochen lang werden wir im gesamten Odenwaldkreis unterwegs sein, um Menschen wie Sie zu erreichen: Menschen mit Herz, Verantwortung und dem Wunsch, unsere Region mitzugestalten.<\/p>\n\n\n\n<p>Weitere Informationen: <a href=\"https:\/\/drk-odenwaldkreis.de\/du-gehoerst-zu-uns\/\">https:\/\/drk-odenwaldkreis.de\/du-gehoerst-zu-uns\/<\/a><\/p>\n\n\n\n<p>Unser Ziel ist klar: Wir wollen die wertvolle Arbeit des Deutschen Roten Kreuzes vor Ort weiter st\u00e4rken und auf eine breite, solidarische Basis stellen. Denn nur gemeinsam k\u00f6nnen wir weiterhin da sein \u2013 in Krisensituationen, bei Katastrophen, in der Ausbildung von Lebensrettern oder bei den vielen sozialen Projekten, die wirklich etwas bewegen.<\/p>\n\n\n\n<p>Als gemeinn\u00fctziger Verein sind wir auf Spenden und Mitgliedsbeitr\u00e4ge angewiesen, um auch in Zukunft unabh\u00e4ngig und verl\u00e4sslich helfen zu k\u00f6nnen. Ihre Unterst\u00fctzung \u2013 ob gro\u00df oder klein \u2013 gibt uns den R\u00fcckhalt, den wir brauchen, um im Notfall schnell und wirksam handeln zu k\u00f6nnen und unser gesellschaftliches Miteinander positiv zu gestalten.<\/p>\n\n\n\n<p>Ein besonderer Fokus unserer Aktion liegt auf den Menschen vor Ort. Die Herausforderungen der Zukunft, die damit verbundenen Sorgen und N\u00f6te, wollen wir aktiv und mit gezielten Unterst\u00fctzungsangeboten angehen und Sie dabei im Alltag st\u00e4rken \u2013 und genau deshalb stehen Sie auch im Mittelpunkt unserer Kampagne.<\/p>\n\n\n\n<figure class=\"wp-block-image size-large\"><img data-recalc-dims=\"1\" loading=\"lazy\" decoding=\"async\" width=\"576\" height=\"1024\" data-attachment-id=\"6669\" data-permalink=\"https:\/\/www.wuerzberg.info\/?attachment_id=6669\" data-orig-file=\"https:\/\/i0.wp.com\/www.wuerzberg.info\/wp-content\/uploads\/2025\/06\/3.png?fit=1080%2C1920&amp;ssl=1\" data-orig-size=\"1080,1920\" data-comments-opened=\"0\" data-image-meta=\"{&quot;aperture&quot;:&quot;0&quot;,&quot;credit&quot;:&quot;&quot;,&quot;camera&quot;:&quot;&quot;,&quot;caption&quot;:&quot;&quot;,&quot;created_timestamp&quot;:&quot;0&quot;,&quot;copyright&quot;:&quot;&quot;,&quot;focal_length&quot;:&quot;0&quot;,&quot;iso&quot;:&quot;0&quot;,&quot;shutter_speed&quot;:&quot;0&quot;,&quot;title&quot;:&quot;&quot;,&quot;orientation&quot;:&quot;0&quot;}\" data-image-title=\"3\" data-image-description=\"\" data-image-caption=\"\" data-large-file=\"https:\/\/i0.wp.com\/www.wuerzberg.info\/wp-content\/uploads\/2025\/06\/3.png?fit=576%2C1024&amp;ssl=1\" src=\"https:\/\/i0.wp.com\/www.wuerzberg.info\/wp-content\/uploads\/2025\/06\/3.png?resize=576%2C1024&#038;ssl=1\" alt=\"\" class=\"wp-image-6669\" srcset=\"https:\/\/i0.wp.com\/www.wuerzberg.info\/wp-content\/uploads\/2025\/06\/3.png?resize=576%2C1024&amp;ssl=1 576w, https:\/\/i0.wp.com\/www.wuerzberg.info\/wp-content\/uploads\/2025\/06\/3.png?resize=169%2C300&amp;ssl=1 169w, https:\/\/i0.wp.com\/www.wuerzberg.info\/wp-content\/uploads\/2025\/06\/3.png?resize=768%2C1365&amp;ssl=1 768w, https:\/\/i0.wp.com\/www.wuerzberg.info\/wp-content\/uploads\/2025\/06\/3.png?resize=864%2C1536&amp;ssl=1 864w, https:\/\/i0.wp.com\/www.wuerzberg.info\/wp-content\/uploads\/2025\/06\/3.png?resize=113%2C200&amp;ssl=1 113w, https:\/\/i0.wp.com\/www.wuerzberg.info\/wp-content\/uploads\/2025\/06\/3.png?w=1080&amp;ssl=1 1080w\" sizes=\"auto, (max-width: 576px) 100vw, 576px\" \/><\/figure>\n","protected":false},"excerpt":{"rendered":"<p>Die Aktion startet in Erbach und W\u00fcrzberg. Ab dem 2. Juni 2025 startet der DRK Kreisverband Odenwaldkreis eine gro\u00df angelegte Mitgliederkampagne \u2013 und wir freuen uns, wenn Sie Teil davon werden! Sechs bis acht Wochen lang werden wir im gesamten Odenwaldkreis unterwegs sein, um Menschen wie Sie zu erreichen: Menschen mit Herz, Verantwortung und dem [&hellip;]<\/p>\n","protected":false},"author":1,"featured_media":0,"comment_status":"closed","ping_status":"closed","sticky":false,"template":"","format":"standard","meta":{"jetpack_post_was_ever_published":false,"_jetpack_newsletter_access":"","_jetpack_dont_email_post_to_subs":false,"_jetpack_newsletter_tier_id":0,"_jetpack_memberships_contains_paywalled_content":false,"_jetpack_memberships_contains_paid_content":false,"footnotes":"","jetpack_publicize_message":"","jetpack_publicize_feature_enabled":true,"jetpack_social_post_already_shared":true,"jetpack_social_options":{"image_generator_settings":{"template":"highway","default_image_id":0,"font":"","enabled":false},"version":2}},"categories":[1,27,2],"tags":[],"class_list":["post-6668","post","type-post","status-publish","format-standard","hentry","category-allgemein","category-archiv","category-drk"],"jetpack_publicize_connections":[],"jetpack_featured_media_url":"","jetpack_shortlink":"https:\/\/wp.me\/p71HmM-1Jy","jetpack_sharing_enabled":true,"publishpress_future_action":{"enabled":false,"date":"2026-05-09 10:39:11","action":"category-add","newStatus":"draft","terms":[],"taxonomy":"category","extraData":[]},"publishpress_future_workflow_manual_trigger":{"enabledWorkflows":[]},"_links":{"self":[{"href":"https:\/\/www.wuerzberg.info\/index.php?rest_route=\/wp\/v2\/posts\/6668","targetHints":{"allow":["GET"]}}],"collection":[{"href":"https:\/\/www.wuerzberg.info\/index.php?rest_route=\/wp\/v2\/posts"}],"about":[{"href":"https:\/\/www.wuerzberg.info\/index.php?rest_route=\/wp\/v2\/types\/post"}],"author":[{"embeddable":true,"href":"https:\/\/www.wuerzberg.info\/index.php?rest_route=\/wp\/v2\/users\/1"}],"replies":[{"embeddable":true,"href":"https:\/\/www.wuerzberg.info\/index.php?rest_route=%2Fwp%2Fv2%2Fcomments&post=6668"}],"version-history":[{"count":2,"href":"https:\/\/www.wuerzberg.info\/index.php?rest_route=\/wp\/v2\/posts\/6668\/revisions"}],"predecessor-version":[{"id":6671,"href":"https:\/\/www.wuerzberg.info\/index.php?rest_route=\/wp\/v2\/posts\/6668\/revisions\/6671"}],"wp:attachment":[{"href":"https:\/\/www.wuerzberg.info\/index.php?rest_route=%2Fwp%2Fv2%2Fmedia&parent=6668"}],"wp:term":[{"taxonomy":"category","embeddable":true,"href":"https:\/\/www.wuerzberg.info\/index.php?rest_route=%2Fwp%2Fv2%2Fcategories&post=6668"},{"taxonomy":"post_tag","embeddable":true,"href":"https:\/\/www.wuerzberg.info\/index.php?rest_route=%2Fwp%2Fv2%2Ftags&post=6668"}],"curies":[{"name":"wp","href":"https:\/\/api.w.org\/{rel}","templated":true}]}}